{"id":4348,"date":"2026-04-27T08:00:06","date_gmt":"2026-04-27T06:00:06","guid":{"rendered":"https:\/\/igualdadenlaempresaaragon.es\/?p=4348"},"modified":"2026-04-22T09:09:26","modified_gmt":"2026-04-22T07:09:26","slug":"indicadores-de-igualdad-que-toda-empresa-deberia-revisar-en-2026-para-saber-si-su-plan-funciona","status":"publish","type":"post","link":"https:\/\/igualdadenlaempresaaragon.es\/?p=4348","title":{"rendered":"Indicadores de igualdad que toda empresa deber\u00eda revisar en 2026 para saber si su plan funciona"},"content":{"rendered":"\r\n<p><span style=\"color: #000000;\">Contar con un plan de igualdad ya no es, por s\u00ed solo, un indicador de avance real. Muchas organizaciones han cumplido formalmente con la negociaci\u00f3n, el diagn\u00f3stico, la aprobaci\u00f3n de medidas y la constituci\u00f3n de la comisi\u00f3n de seguimiento. Sin embargo, la pregunta verdaderamente importante sigue siendo otra: \u00bfest\u00e1 produciendo cambios reales en la empresa?<\/span><br \/><br \/><span style=\"color: #000000;\">En 2026, el reto no es \u00fanicamente tener medidas de igualdad implantadas, sino comprobar si esas medidas est\u00e1n mejorando de forma efectiva las condiciones laborales de mujeres y hombres. Para ello, no basta con enumerar acciones realizadas. Es necesario medir resultados, analizar tendencias y revisar indicadores que permitan detectar si persisten desigualdades, si se est\u00e1n corrigiendo o si, por el contrario, se mantienen de forma m\u00e1s o menos invisible.<\/span><br \/><br \/><span style=\"color: #000000;\">Evaluar un plan de igualdad exige pasar de la l\u00f3gica del cumplimiento a la l\u00f3gica del impacto.<\/span><br \/><br \/><span style=\"color: #000000;\"><strong>Por qu\u00e9 los indicadores son decisivos<\/strong><\/span><br \/><br \/><span style=\"color: #000000;\">Un plan de igualdad puede incluir formaci\u00f3n, protocolos, acciones de sensibilizaci\u00f3n, medidas de conciliaci\u00f3n, objetivos de promoci\u00f3n y revisi\u00f3n de procesos de selecci\u00f3n. Todo ello es importante, pero si no se acompa\u00f1a de indicadores claros, la empresa corre el riesgo de no saber si esas medidas funcionan, si necesitan corregirse o si se est\u00e1n aplicando de manera desigual.<\/span><br \/><br \/><span style=\"color: #000000;\">Los indicadores permiten:<\/span><br \/><br \/><span style=\"color: #000000;\">comprobar la evoluci\u00f3n real de la plantilla;<\/span><br \/><span style=\"color: #000000;\">detectar brechas o sesgos persistentes;<\/span><br \/><span style=\"color: #000000;\">fundamentar las decisiones de la comisi\u00f3n de seguimiento;<\/span><br \/><span style=\"color: #000000;\">priorizar medidas;<\/span><br \/><span style=\"color: #000000;\">justificar modificaciones del plan cuando sea necesario;<\/span><br \/><span style=\"color: #000000;\">convertir la igualdad en una pol\u00edtica de gesti\u00f3n basada en datos.<\/span><br \/><br \/><span style=\"color: #000000;\">Eso s\u00ed, medir no consiste en acumular cifras sin contexto. Un buen sistema de seguimiento debe apoyarse en pocos indicadores, pero relevantes, comparables y desagregados al menos por sexo.<\/span><br \/><br \/><span style=\"color: #000000;\"><em>Primer criterio: no medir solo actividad, sino tambi\u00e9n resultado<\/em><\/span><br \/><br \/><span style=\"color: #000000;\">Uno de los errores m\u00e1s frecuentes en el seguimiento de los planes de igualdad es centrarse exclusivamente en indicadores de actividad: n\u00famero de cursos impartidos, n\u00famero de reuniones celebradas, n\u00famero de comunicaciones internas enviadas o n\u00famero de medidas aprobadas.<\/span><br \/><br \/><span style=\"color: #000000;\">Estos datos son \u00fatiles, pero insuficientes.<\/span><br \/><br \/><span style=\"color: #000000;\">No es lo mismo decir que se ha impartido formaci\u00f3n en igualdad a cincuenta personas que comprobar si, tras esa formaci\u00f3n, se ha reducido la segregaci\u00f3n en promociones internas, ha aumentado el uso corresponsable de los permisos o se ha mejorado la percepci\u00f3n de igualdad en la organizaci\u00f3n.<\/span><br \/><br \/><span style=\"color: #000000;\">Por eso conviene distinguir entre:<\/span><br \/><br \/><span style=\"color: #000000;\">Indicadores de ejecuci\u00f3n, que muestran si la medida se ha puesto en marcha.<\/span><br \/><br \/><span style=\"color: #000000;\">Indicadores de resultado, que muestran si la medida ha producido cambios.<\/span><br \/><br \/><span style=\"color: #000000;\">Indicadores de impacto, que permiten observar si se est\u00e1 reduciendo una desigualdad estructural.<\/span><br \/><br \/><span style=\"color: #000000;\">Un plan \u00fatil necesita las tres capas, pero debe prestar especial atenci\u00f3n a las dos \u00faltimas.<\/span><br \/><br \/><span style=\"color: #000000;\"><strong>Indicadores b\u00e1sicos que toda empresa deber\u00eda revisar<\/strong><\/span><\/p>\r\n<p><br \/><span style=\"color: #000000;\"><em><strong>1. Composici\u00f3n de la plantilla por sexo y grupo profesional<\/strong><\/em><\/span><br \/><br \/><span style=\"color: #000000;\">El primer indicador sigue siendo esencial: c\u00f3mo se distribuye la plantilla entre mujeres y hombres. Pero no basta con mirar el porcentaje global. Es imprescindible analizar la distribuci\u00f3n por \u00e1reas, departamentos, niveles de responsabilidad, grupos profesionales, tipo de contrato y jornada.<\/span><br \/><br \/><span style=\"color: #000000;\">Hay empresas que presentan una plantilla equilibrada en t\u00e9rminos globales, pero mantienen una fuerte segregaci\u00f3n horizontal o vertical. Por ejemplo, mujeres concentradas en administraci\u00f3n o atenci\u00f3n al cliente y hombres en puestos t\u00e9cnicos o de direcci\u00f3n. O mujeres mayoritarias en categor\u00edas base y claramente infrarrepresentadas en mandos intermedios y puestos estrat\u00e9gicos.<\/span><br \/><br \/><span style=\"color: #000000;\">Revisar este dato permite responder a preguntas clave:<\/span><br \/><br \/><span style=\"color: #000000;\">\u00bfhay \u00e1reas claramente masculinizadas o feminizadas?<\/span><br \/><span style=\"color: #000000;\">\u00bfse reproduce la divisi\u00f3n sexual del trabajo?<\/span><br \/><span style=\"color: #000000;\">\u00bfexisten \u201ctechos de cristal\u201d internos?<\/span><br \/><span style=\"color: #000000;\">\u00bfse observa mejora respecto al diagn\u00f3stico inicial?<\/span><\/p>\r\n<p><br \/><span style=\"color: #000000;\"><em><strong>2. Contrataci\u00f3n y tipo de v\u00ednculo laboral<\/strong><\/em><\/span><br \/><br \/><span style=\"color: #000000;\">No solo importa qui\u00e9n entra, sino c\u00f3mo entra. La igualdad tambi\u00e9n se mide observando si mujeres y hombres acceden en condiciones semejantes al empleo estable y de calidad.<\/span><br \/><br \/><span style=\"color: #000000;\">Conviene revisar:<\/span><br \/><br \/><span style=\"color: #000000;\">porcentaje de contratos indefinidos y temporales por sexo;<\/span><br \/><span style=\"color: #000000;\">contrataci\u00f3n a tiempo completo y parcial;<\/span><br \/><span style=\"color: #000000;\">puestos de entrada y condiciones de incorporaci\u00f3n;<\/span><br \/><span style=\"color: #000000;\">tasa de conversi\u00f3n de temporal a indefinido;<\/span><br \/><span style=\"color: #000000;\">distribuci\u00f3n por franjas salariales desde el inicio de la relaci\u00f3n laboral.<\/span><br \/><br \/><span style=\"color: #000000;\">Este an\u00e1lisis puede revelar desigualdades muy relevantes. Por ejemplo, mujeres con mayor presencia en contratos temporales, a tiempo parcial o en puestos con menor proyecci\u00f3n. Si eso ocurre, el problema no est\u00e1 solo en la carrera profesional posterior, sino ya en la puerta de entrada.<\/span><br \/><br \/><span style=\"color: #000000;\"><em><strong>3. Promoci\u00f3n profesional y acceso a puestos de responsabilidad<\/strong><\/em><\/span><br \/><br \/><span style=\"color: #000000;\">Uno de los indicadores m\u00e1s reveladores del funcionamiento real del plan es qui\u00e9n promociona y en qu\u00e9 condiciones.<\/span><br \/><br \/><span style=\"color: #000000;\">Aqu\u00ed conviene observar:<\/span><br \/><br \/><span style=\"color: #000000;\">n\u00famero de promociones internas por sexo;<\/span><br \/><span style=\"color: #000000;\">candidaturas presentadas por mujeres y hombres;<\/span><br \/><span style=\"color: #000000;\">porcentaje de \u00e9xito en procesos internos;<\/span><br \/><span style=\"color: #000000;\">acceso a puestos de mando y direcci\u00f3n;<\/span><br \/><span style=\"color: #000000;\">tiempo medio para promocionar;<\/span><br \/><span style=\"color: #000000;\">participaci\u00f3n en procesos de desarrollo del talento.<\/span><br \/><br \/><span style=\"color: #000000;\">Este bloque es especialmente importante porque muchas empresas afirman aplicar criterios objetivos de promoci\u00f3n, pero los datos muestran que las mujeres promocionan menos, llegan m\u00e1s tarde o est\u00e1n menos presentes en itinerarios de liderazgo.<\/span><br \/><br \/><span style=\"color: #000000;\">Cuando esto ocurre, la empresa debe preguntarse si existen sesgos en los requisitos, en la disponibilidad exigida, en los canales informales de selecci\u00f3n o en la valoraci\u00f3n del potencial.<\/span><br \/><br \/><span style=\"color: #000000;\"><em><strong>4. Formaci\u00f3n y acceso al desarrollo profesional<\/strong><\/em><\/span><br \/><br \/><span style=\"color: #000000;\">La formaci\u00f3n no debe medirse solo en volumen, sino tambi\u00e9n en acceso y utilidad.<\/span><br \/><br \/><span style=\"color: #000000;\">Algunas preguntas importantes son:<\/span><br \/><br \/><span style=\"color: #000000;\">\u00bfqui\u00e9n participa en la formaci\u00f3n interna?<\/span><br \/><span style=\"color: #000000;\">\u00bfqu\u00e9 tipo de formaci\u00f3n realiza cada sexo?<\/span><br \/><span style=\"color: #000000;\">\u00bfhay diferencias entre formaci\u00f3n t\u00e9cnica, estrat\u00e9gica o de liderazgo?<\/span><br \/><span style=\"color: #000000;\">\u00bfse facilita el acceso a quienes tienen jornada reducida o responsabilidades de cuidado?<\/span><br \/><span style=\"color: #000000;\">\u00bfla formaci\u00f3n vinculada a promoci\u00f3n llega por igual a mujeres y hombres?<\/span><br \/><br \/><span style=\"color: #000000;\">A veces la desigualdad no est\u00e1 en la oferta formativa, sino en las condiciones reales para aprovecharla: horarios incompatibles, convocatorias informales, acciones fuera de jornada o falta de sustituciones.<\/span><br \/><br \/><span style=\"color: #000000;\">Por eso es importante analizar no solo la asistencia, sino tambi\u00e9n las barreras.<\/span><br \/><br \/><span style=\"color: #000000;\"><em><strong>5. Retribuciones y evoluci\u00f3n salarial<\/strong><\/em><\/span><br \/><br \/><span style=\"color: #000000;\">El an\u00e1lisis salarial sigue siendo un eje imprescindible. No basta con elaborar el registro retributivo o disponer de una auditor\u00eda salarial si despu\u00e9s no se utilizan como herramientas de seguimiento.<\/span><br \/><br \/><span style=\"color: #000000;\">La empresa deber\u00eda revisar peri\u00f3dicamente:<\/span><br \/><br \/><span style=\"color: #000000;\">salario medio y mediano por sexo;<\/span><br \/><span style=\"color: #000000;\">percepci\u00f3n de complementos salariales;<\/span><br \/><span style=\"color: #000000;\">retribuci\u00f3n variable;<\/span><br \/><span style=\"color: #000000;\">pluses vinculados a disponibilidad, turnicidad, presencialidad o productividad;<\/span><br \/><span style=\"color: #000000;\">diferencias retributivas por grupo, puesto o clasificaci\u00f3n equivalente;<\/span><br \/><span style=\"color: #000000;\">evoluci\u00f3n de las brechas a lo largo del tiempo.<\/span><br \/><br \/><span style=\"color: #000000;\">A veces la desigualdad salarial no aparece en el salario base, sino en los complementos. Por eso el seguimiento debe mirar d\u00f3nde se concentran las diferencias y qu\u00e9 l\u00f3gica organizativa las sostiene.<\/span><br \/><br \/><span style=\"color: #000000;\"><em><strong>6. Uso de medidas de conciliaci\u00f3n y corresponsabilidad<\/strong><\/em><\/span><br \/><br \/><span style=\"color: #000000;\">Este es uno de los campos donde m\u00e1s se nota si la igualdad avanza o no. Tener medidas de conciliaci\u00f3n no significa necesariamente que exista corresponsabilidad ni que desaparezcan las penalizaciones de g\u00e9nero.<\/span><br \/><br \/><span style=\"color: #000000;\">Conviene revisar:<\/span><br \/><br \/><span style=\"color: #000000;\">qui\u00e9n solicita adaptaciones de jornada;<\/span><br \/><span style=\"color: #000000;\">qui\u00e9n disfruta de permisos vinculados al cuidado;<\/span><br \/><span style=\"color: #000000;\">qui\u00e9n reduce jornada;<\/span><br \/><span style=\"color: #000000;\">qui\u00e9n teletrabaja por motivos familiares;<\/span><br \/><span style=\"color: #000000;\">cu\u00e1ntos hombres hacen uso de estas medidas;<\/span><br \/><span style=\"color: #000000;\">si existen efectos negativos posteriores en promoci\u00f3n, salario o estabilidad.<\/span><br \/><br \/><span style=\"color: #000000;\">Cuando las medidas son utilizadas casi exclusivamente por mujeres, la organizaci\u00f3n debe preguntarse si realmente est\u00e1 favoreciendo la corresponsabilidad o si, de forma indirecta, sigue trasladando los cuidados a ellas.<\/span><br \/><br \/><span style=\"color: #000000;\"><em><strong>7. Absentismo, bajas y salud laboral con perspectiva de g\u00e9nero<\/strong><\/em><\/span><br \/><br \/><span style=\"color: #000000;\">La salud laboral tambi\u00e9n aporta informaci\u00f3n muy valiosa para evaluar la igualdad. Las condiciones de trabajo no impactan de la misma manera en mujeres y hombres, y por ello conviene analizar determinados datos con perspectiva de g\u00e9nero.<\/span><br \/><br \/><span style=\"color: #000000;\">Algunos indicadores \u00fatiles son:<\/span><br \/><br \/><span style=\"color: #000000;\">absentismo por sexo y causas m\u00e1s frecuentes;<\/span><br \/><span style=\"color: #000000;\">incidencia de riesgos psicosociales;<\/span><br \/><span style=\"color: #000000;\">trastornos musculoesquel\u00e9ticos;<\/span><br \/><span style=\"color: #000000;\">uso de medidas de prevenci\u00f3n adaptadas;<\/span><br \/><span style=\"color: #000000;\">protecci\u00f3n durante embarazo y lactancia;<\/span><br \/><span style=\"color: #000000;\">siniestralidad por puestos y exposici\u00f3n.<\/span><br \/><br \/><span style=\"color: #000000;\">Este an\u00e1lisis ayuda a detectar si hay riesgos invisibilizados en ocupaciones feminizadas, si la organizaci\u00f3n del trabajo genera sobrecarga o si determinadas medidas preventivas est\u00e1n pensadas desde un modelo neutral que no responde a la realidad de toda la plantilla.<\/span><br \/><br \/><span style=\"color: #000000;\"><strong><em>8. Rotaci\u00f3n, salidas y permanencia en la empresa<\/em><\/strong><\/span><br \/><br \/><span style=\"color: #000000;\">Otro dato muy \u00fatil para el seguimiento es observar qui\u00e9n se va de la empresa, cu\u00e1ndo y desde qu\u00e9 posiciones.<\/span><br \/><br \/><span style=\"color: #000000;\">La rotaci\u00f3n desagregada por sexo puede revelar:<\/span><br \/><br \/><span style=\"color: #000000;\">abandono m\u00e1s frecuente de mujeres en determinadas etapas;<\/span><br \/><span style=\"color: #000000;\">dificultades de permanencia tras maternidad o cuidados;<\/span><br \/><span style=\"color: #000000;\">mayor salida femenina de puestos de responsabilidad;<\/span><br \/><span style=\"color: #000000;\">inestabilidad concentrada en determinados departamentos.<\/span><br \/><br \/><span style=\"color: #000000;\">Este indicador suele ser muy revelador porque a veces la empresa se centra en contrataci\u00f3n y promoci\u00f3n, pero no analiza por qu\u00e9 pierde talento femenino o por qu\u00e9 algunas mujeres no permanecen en itinerarios de crecimiento profesional.<\/span><br \/><br \/><span style=\"color: #000000;\"><strong><em>9. Acoso sexual, acoso por raz\u00f3n de sexo y clima laboral<\/em><\/strong><\/span><br \/><br \/><span style=\"color: #000000;\">No se trata solo de registrar denuncias formales. Un bajo n\u00famero de denuncias no equivale necesariamente a un entorno seguro. Puede significar tambi\u00e9n desconocimiento, desconfianza o miedo a las consecuencias.<\/span><br \/><br \/><span style=\"color: #000000;\">En este \u00e1mbito conviene valorar:<\/span><br \/><br \/><span style=\"color: #000000;\">n\u00famero de consultas o activaciones del protocolo;<\/span><br \/><span style=\"color: #000000;\">nivel de conocimiento del protocolo;<\/span><br \/><span style=\"color: #000000;\">percepci\u00f3n de seguridad y confianza;<\/span><br \/><span style=\"color: #000000;\">valoraci\u00f3n del clima laboral;<\/span><br \/><span style=\"color: #000000;\">identificaci\u00f3n de conductas sexistas o microdesigualdades;<\/span><br \/><span style=\"color: #000000;\">formaci\u00f3n recibida por mandos y plantilla.<\/span><br \/><br \/><span style=\"color: #000000;\">Los indicadores cuantitativos deben complementarse aqu\u00ed con herramientas cualitativas, como encuestas internas, entrevistas o cuestionarios de percepci\u00f3n.<\/span><br \/><br \/><span style=\"color: #000000;\"><em><strong>10. Participaci\u00f3n real en la comisi\u00f3n de seguimiento<\/strong><\/em><\/span><br \/><br \/><span style=\"color: #000000;\">La evaluaci\u00f3n del plan tambi\u00e9n depende del propio funcionamiento de sus \u00f3rganos de seguimiento.<\/span><br \/><br \/><span style=\"color: #000000;\">Conviene revisar:<\/span><br \/><br \/><span style=\"color: #000000;\">periodicidad real de las reuniones;<\/span><br \/><span style=\"color: #000000;\">asistencia de las partes;<\/span><br \/><span style=\"color: #000000;\">calidad de la informaci\u00f3n aportada;<\/span><br \/><span style=\"color: #000000;\">cumplimiento del calendario previsto;<\/span><br \/><span style=\"color: #000000;\">adopci\u00f3n de acuerdos;<\/span><br \/><span style=\"color: #000000;\">capacidad de corregir desviaciones.<\/span><br \/><br \/><span style=\"color: #000000;\"><strong>Una comisi\u00f3n de seguimiento que se limita a reunirse formalmente, sin datos suficientes ni capacidad de an\u00e1lisis, dif\u00edcilmente puede impulsar mejoras reales.<\/strong><\/span><br \/><br \/><span style=\"color: #000000;\">Qu\u00e9 caracter\u00edsticas deben tener los buenos indicadores<\/span><br \/><br \/><span style=\"color: #000000;\">No todos los datos sirven como indicadores \u00fatiles. Para que permitan una evaluaci\u00f3n seria, conviene que sean:<\/span><br \/><br \/><span style=\"color: #000000;\">Claros: deben entenderse sin ambig\u00fcedad.<\/span><br \/><br \/><span style=\"color: #000000;\">Comparables: han de permitir comparar periodos y detectar evoluci\u00f3n.<\/span><br \/><br \/><span style=\"color: #000000;\">Desagregados: al menos por sexo, y cuando sea posible por edad, grupo profesional, tipo de contrato o jornada.<\/span><br \/><br \/><span style=\"color: #000000;\">Relevantes: tienen que estar vinculados a los objetivos del plan.<\/span><br \/><br \/><span style=\"color: #000000;\">Peri\u00f3dicos: deben revisarse con una frecuencia suficiente.<\/span><br \/><br \/><span style=\"color: #000000;\">Interpretables: no basta con registrar un n\u00famero; hay que contextualizarlo.<\/span><br \/><br \/><span style=\"color: #000000;\">Por ejemplo, no tiene el mismo significado que un 80 % de las reducciones de jornada sean solicitadas por mujeres en una empresa peque\u00f1a con fuerte feminizaci\u00f3n, que en una empresa equilibrada donde, adem\u00e1s, los hombres apenas usan medidas de cuidado.<\/span><br \/><br \/><span style=\"color: #000000;\"><strong>La importancia de cruzar indicadores<\/strong><\/span><br \/><br \/><span style=\"color: #000000;\">Un error habitual es analizar cada dato por separado. Sin embargo, la realidad de la desigualdad laboral suele aparecer cuando se cruzan varias variables.<\/span><br \/><br \/><span style=\"color: #000000;\">Por ejemplo:<\/span><br \/><br \/><span style=\"color: #000000;\">mujeres con mayor uso de medidas de conciliaci\u00f3n y menor promoci\u00f3n;<\/span><br \/><span style=\"color: #000000;\">hombres con mayor acceso a pluses ligados a disponibilidad;<\/span><br \/><span style=\"color: #000000;\">mujeres en mayor proporci\u00f3n a tiempo parcial y con menor acceso a formaci\u00f3n estrat\u00e9gica;<\/span><br \/><span style=\"color: #000000;\">presencia femenina en la plantilla, pero ausencia en niveles de decisi\u00f3n.<\/span><br \/><br \/><span style=\"color: #000000;\">El valor del seguimiento no est\u00e1 solo en tener datos, sino en leerlos de forma conectada.<\/span><br \/><br \/><span style=\"color: #000000;\"><strong>Qu\u00e9 preguntas deber\u00eda hacerse la empresa al revisar sus indicadores<\/strong><\/span><br \/><br \/><span style=\"color: #000000;\">M\u00e1s all\u00e1 de las cifras, hay una serie de preguntas que ayudan a orientar el an\u00e1lisis:<\/span><br \/><br \/><span style=\"color: #000000;\">\u00bfLa igualdad formal se est\u00e1 traduciendo en igualdad real?<\/span><br \/><br \/><span style=\"color: #000000;\">\u00bfLas mujeres acceden, permanecen y promocionan en las mismas condiciones?<\/span><br \/><br \/><span style=\"color: #000000;\">\u00bfLas medidas de conciliaci\u00f3n est\u00e1n favoreciendo la corresponsabilidad o reforzando roles tradicionales?<\/span><br \/><br \/><span style=\"color: #000000;\">\u00bfSe est\u00e1n corrigiendo brechas o simplemente se est\u00e1n documentando?<\/span><br \/><br \/><span style=\"color: #000000;\">\u00bfHay \u00e1reas donde el plan no est\u00e1 teniendo ning\u00fan efecto?<\/span><br \/><br \/><span style=\"color: #000000;\">\u00bfExisten medidas implantadas pero infrautilizadas?<\/span><br \/><br \/><span style=\"color: #000000;\">Estas preguntas son las que convierten el seguimiento en una herramienta de mejora y no en un mero tr\u00e1mite.<\/span><br \/><br \/><span style=\"color: #800080;\"><strong>2026: medir mejor para actuar mejor<\/strong><\/span><\/p>\r\n","protected":false},"excerpt":{"rendered":"<p>Contar con un plan de igualdad ya no es, por s\u00ed solo, un indicador de avance real. Muchas organizaciones han cumplido formalmente con la negociaci\u00f3n, el diagn\u00f3stico, la aprobaci\u00f3n de medidas y la constituci\u00f3n de la comisi\u00f3n de seguimiento. Sin embargo, la pregunta verdaderamente importante sigue siendo otra: \u00bfest\u00e1 produciendo cambios reales en la empresa? [&hellip;]<\/p>\n","protected":false},"author":7,"featured_media":4351,"comment_status":"open","ping_status":"open","sticky":false,"template":"","format":"standard","meta":{"_jetpack_memberships_contains_paid_content":false,"footnotes":""},"categories":[1],"tags":[],"class_list":["post-4348","post","type-post","status-publish","format-standard","has-post-thumbnail","hentry","category-sin-categoria"],"jetpack_featured_media_url":"https:\/\/igualdadenlaempresaaragon.es\/wp-content\/uploads\/2026\/04\/imagen-indicadores.png","jetpack_sharing_enabled":true,"post_mailing_queue_ids":[],"_links":{"self":[{"href":"https:\/\/igualdadenlaempresaaragon.es\/index.php?rest_route=\/wp\/v2\/posts\/4348","targetHints":{"allow":["GET"]}}],"collection":[{"href":"https:\/\/igualdadenlaempresaaragon.es\/index.php?rest_route=\/wp\/v2\/posts"}],"about":[{"href":"https:\/\/igualdadenlaempresaaragon.es\/index.php?rest_route=\/wp\/v2\/types\/post"}],"author":[{"embeddable":true,"href":"https:\/\/igualdadenlaempresaaragon.es\/index.php?rest_route=\/wp\/v2\/users\/7"}],"replies":[{"embeddable":true,"href":"https:\/\/igualdadenlaempresaaragon.es\/index.php?rest_route=%2Fwp%2Fv2%2Fcomments&post=4348"}],"version-history":[{"count":4,"href":"https:\/\/igualdadenlaempresaaragon.es\/index.php?rest_route=\/wp\/v2\/posts\/4348\/revisions"}],"predecessor-version":[{"id":4354,"href":"https:\/\/igualdadenlaempresaaragon.es\/index.php?rest_route=\/wp\/v2\/posts\/4348\/revisions\/4354"}],"wp:featuredmedia":[{"embeddable":true,"href":"https:\/\/igualdadenlaempresaaragon.es\/index.php?rest_route=\/wp\/v2\/media\/4351"}],"wp:attachment":[{"href":"https:\/\/igualdadenlaempresaaragon.es\/index.php?rest_route=%2Fwp%2Fv2%2Fmedia&parent=4348"}],"wp:term":[{"taxonomy":"category","embeddable":true,"href":"https:\/\/igualdadenlaempresaaragon.es\/index.php?rest_route=%2Fwp%2Fv2%2Fcategories&post=4348"},{"taxonomy":"post_tag","embeddable":true,"href":"https:\/\/igualdadenlaempresaaragon.es\/index.php?rest_route=%2Fwp%2Fv2%2Ftags&post=4348"}],"curies":[{"name":"wp","href":"https:\/\/api.w.org\/{rel}","templated":true}]}}