{"id":4178,"date":"2026-01-08T15:15:37","date_gmt":"2026-01-08T13:15:37","guid":{"rendered":"https:\/\/igualdadenlaempresaaragon.es\/?p=4178"},"modified":"2026-01-08T15:15:37","modified_gmt":"2026-01-08T13:15:37","slug":"espana-refuerza-la-igualdad-en-el-trabajo-con-la-ratificacion-del-convenio-de-la-oit-sobre-proteccion-de-la-maternidad","status":"publish","type":"post","link":"https:\/\/igualdadenlaempresaaragon.es\/?p=4178","title":{"rendered":"Espa\u00f1a refuerza la igualdad en el trabajo con la ratificaci\u00f3n del Convenio de la OIT sobre protecci\u00f3n de la maternidad"},"content":{"rendered":"\r\n<p>La igualdad de oportunidades en el \u00e1mbito laboral da un nuevo paso adelante. El pasado 11 de diciembre de 2025, Espa\u00f1a ratific\u00f3 el <strong>Convenio n\u00ba 183 de la Organizaci\u00f3n Internacional del Trabajo (OIT) sobre la protecci\u00f3n de la maternidad<\/strong>, convirti\u00e9ndose en el 45\u00ba Estado miembro en hacerlo y consolidando su liderazgo internacional en materia de derechos laborales.<br \/><br \/>Esta ratificaci\u00f3n no es solo un hito institucional, sino tambi\u00e9n un mensaje claro para las empresas: <strong>avanzar hacia modelos de trabajo m\u00e1s igualitarios, corresponsables y sostenibles es una prioridad social y econ\u00f3mica.<\/strong><br \/><br \/><span style=\"color: #000000;\"><strong>Un marco internacional para conciliar y proteger<\/strong><\/span><br \/><br \/>El Convenio n\u00ba 183, junto con la Recomendaci\u00f3n n\u00ba 191, aborda la protecci\u00f3n de la maternidad de forma integral. Su objetivo es triple:<br \/><br \/>-Promover la igualdad efectiva de las mujeres en el mercado laboral.<br \/><br \/>-Proteger la salud y seguridad durante el embarazo y la maternidad.<br \/><br \/>-Facilitar la conciliaci\u00f3n entre la vida personal y profesional, evitando que la maternidad suponga una penalizaci\u00f3n laboral.<br \/><br \/>Estos principios est\u00e1n plenamente alineados con los valores que hoy definen a las organizaciones comprometidas con la igualdad, la diversidad y el bienestar de las personas trabajadoras.<br \/><br \/><strong>M\u00e1s permisos, m\u00e1s corresponsabilidad<\/strong><br \/><br \/>Durante el acto de ratificaci\u00f3n en la sede de la OIT en Ginebra, la vicepresidenta segunda y ministra de Trabajo y Econom\u00eda Social, Yolanda D\u00edaz, destac\u00f3 que Espa\u00f1a ha ampliado recientemente los permisos de nacimiento y cuidado hasta 1<strong>9 semanas por progenitor, y hasta 32 semanas en familias monoparentales.<\/strong><br \/><br \/>Este enfoque refuerza una idea clave para el entorno empresarial: el cuidado no es solo una cuesti\u00f3n de mujeres, sino una responsabilidad compartida que debe reflejarse en las pol\u00edticas laborales y en la cultura corporativa.<br \/><br \/><strong>\u00bfQu\u00e9 implica para las empresas?<\/strong><br \/><br \/>La ratificaci\u00f3n del Convenio n\u00ba 183 refuerza un marco normativo y social que interpela directamente a las organizaciones:<br \/><br \/>-Revisar y mejorar las pol\u00edticas de conciliaci\u00f3n y corresponsabilidad.<br \/><br \/>-Evitar cualquier forma de discriminaci\u00f3n por embarazo, maternidad o responsabilidades de cuidado.<br \/><br \/>-Promover entornos de trabajo donde la maternidad y la paternidad no frenen el desarrollo profesional.<br \/><br \/>-Integrar la igualdad como un eje estrat\u00e9gico de la gesti\u00f3n de personas.<br \/><br \/>Las empresas que se anticipan a estos cambios no solo cumplen con la normativa, sino que mejoran su capacidad para atraer y retener talento, fortalecen su reputaci\u00f3n y contribuyen a una econom\u00eda m\u00e1s justa.<br \/><br \/><strong>Un paso m\u00e1s hacia una igualdad real<\/strong><br \/><br \/>Desde la OIT se ha subrayado que la ratificaci\u00f3n espa\u00f1ola, coincidiendo con el 25\u00ba aniversario del Convenio, env\u00eda una se\u00f1al clara al resto de pa\u00edses y al tejido empresarial internacional. Las pol\u00edticas p\u00fablicas y empresariales deben avanzar juntas para corregir la desigual distribuci\u00f3n del trabajo remunerado y no remunerado y garantizar una protecci\u00f3n efectiva de la maternidad.<br \/><br \/>En definitiva, esta ratificaci\u00f3n refuerza una idea fundamental: la igualdad en la empresa no es solo una cuesti\u00f3n legal, sino una apuesta estrat\u00e9gica por el futuro del trabajo.<\/p>\r\n","protected":false},"excerpt":{"rendered":"<p>La igualdad de oportunidades en el \u00e1mbito laboral da un nuevo paso adelante. El pasado 11 de diciembre de 2025, Espa\u00f1a ratific\u00f3 el Convenio n\u00ba 183 de la Organizaci\u00f3n Internacional del Trabajo (OIT) sobre la protecci\u00f3n de la maternidad, convirti\u00e9ndose en el 45\u00ba Estado miembro en hacerlo y consolidando su liderazgo internacional en materia de [&hellip;]<\/p>\n","protected":false},"author":7,"featured_media":4182,"comment_status":"open","ping_status":"open","sticky":false,"template":"","format":"standard","meta":{"_jetpack_memberships_contains_paid_content":false,"footnotes":""},"categories":[1],"tags":[],"class_list":["post-4178","post","type-post","status-publish","format-standard","has-post-thumbnail","hentry","category-sin-categoria"],"jetpack_featured_media_url":"https:\/\/igualdadenlaempresaaragon.es\/wp-content\/uploads\/2026\/01\/Papa-solo-hay-uno-Post-de-Instagram-Cuadrado-1920-\u00d7-1080-px-1587-x-2245-px-1-e1767878056512.png","jetpack_sharing_enabled":true,"post_mailing_queue_ids":[],"_links":{"self":[{"href":"https:\/\/igualdadenlaempresaaragon.es\/index.php?rest_route=\/wp\/v2\/posts\/4178","targetHints":{"allow":["GET"]}}],"collection":[{"href":"https:\/\/igualdadenlaempresaaragon.es\/index.php?rest_route=\/wp\/v2\/posts"}],"about":[{"href":"https:\/\/igualdadenlaempresaaragon.es\/index.php?rest_route=\/wp\/v2\/types\/post"}],"author":[{"embeddable":true,"href":"https:\/\/igualdadenlaempresaaragon.es\/index.php?rest_route=\/wp\/v2\/users\/7"}],"replies":[{"embeddable":true,"href":"https:\/\/igualdadenlaempresaaragon.es\/index.php?rest_route=%2Fwp%2Fv2%2Fcomments&post=4178"}],"version-history":[{"count":2,"href":"https:\/\/igualdadenlaempresaaragon.es\/index.php?rest_route=\/wp\/v2\/posts\/4178\/revisions"}],"predecessor-version":[{"id":4183,"href":"https:\/\/igualdadenlaempresaaragon.es\/index.php?rest_route=\/wp\/v2\/posts\/4178\/revisions\/4183"}],"wp:featuredmedia":[{"embeddable":true,"href":"https:\/\/igualdadenlaempresaaragon.es\/index.php?rest_route=\/wp\/v2\/media\/4182"}],"wp:attachment":[{"href":"https:\/\/igualdadenlaempresaaragon.es\/index.php?rest_route=%2Fwp%2Fv2%2Fmedia&parent=4178"}],"wp:term":[{"taxonomy":"category","embeddable":true,"href":"https:\/\/igualdadenlaempresaaragon.es\/index.php?rest_route=%2Fwp%2Fv2%2Fcategories&post=4178"},{"taxonomy":"post_tag","embeddable":true,"href":"https:\/\/igualdadenlaempresaaragon.es\/index.php?rest_route=%2Fwp%2Fv2%2Ftags&post=4178"}],"curies":[{"name":"wp","href":"https:\/\/api.w.org\/{rel}","templated":true}]}}