{"id":4084,"date":"2025-11-17T11:07:21","date_gmt":"2025-11-17T09:07:21","guid":{"rendered":"https:\/\/igualdadenlaempresaaragon.es\/?p=4084"},"modified":"2025-11-17T11:07:21","modified_gmt":"2025-11-17T09:07:21","slug":"iv-plan-para-la-igualdad-de-genero-en-la-administracion-general-del-estado-y-sus-organismos-publicos","status":"publish","type":"post","link":"https:\/\/igualdadenlaempresaaragon.es\/?p=4084","title":{"rendered":"IV Plan para la Igualdad de G\u00e9nero en la Administraci\u00f3n General del Estado y sus Organismos P\u00fablicos"},"content":{"rendered":"<p>El Bolet\u00edn Oficial del Estado ha publicado la <a href=\"http:\/\/chrome-extension:\/\/efaidnbmnnnibpcajpcglclefindmkaj\/https:\/\/www.boe.es\/boe\/dias\/2025\/11\/04\/pdfs\/BOE-A-2025-22252.pdf\">Resoluci\u00f3n de 20 de octubre de 2025<\/a> por la que se hace p\u00fablico el Acuerdo del Consejo de Ministros de 7 de octubre de 2025, mediante el cual se aprueba el <strong>IV Plan para la Igualdad de G\u00e9nero en la Administraci\u00f3n General del Estado (AGE)<\/strong> y en los organismos p\u00fablicos vinculados o dependientes de ella.<\/p>\n<p>Con este nuevo plan, la Administraci\u00f3n refuerza su compromiso con la igualdad real y efectiva entre mujeres y hombres, consolidando los avances logrados y abordando los retos que a\u00fan persisten en el \u00e1mbito laboral, organizativo y cultural.<\/p>\n<h3><span style=\"color: #000080;\"><strong>Un marco s\u00f3lido para la igualdad<\/strong><\/span><\/h3>\n<p>La <a href=\"https:\/\/www.boe.es\/buscar\/act.php?id=BOE-A-2007-6115\"><strong>Ley Org\u00e1nica 3\/2007, de 22 de marzo<\/strong>,<\/a> <strong>para la igualdad efectiva de mujeres y hombres,<\/strong> estableci\u00f3 la obligaci\u00f3n de aprobar planes de igualdad en la AGE al inicio de cada legislatura. Desde entonces, se han sucedido tres planes (2011, 2015 y 2020) que han contribuido significativamente a la incorporaci\u00f3n de la perspectiva de g\u00e9nero en las pol\u00edticas p\u00fablicas y en la gesti\u00f3n del empleo p\u00fablico.<\/p>\n<p>El IV Plan da un paso m\u00e1s. Dise\u00f1ado bajo la premisa <strong>\u201cConocerse para mejorar\u201d<\/strong>, promueve un conocimiento continuo y profundo sobre la situaci\u00f3n de igualdad en la Administraci\u00f3n, con el fin de dise\u00f1ar medidas eficaces basadas en evidencias. El plan se articula en<strong> 6 ejes estrat\u00e9gicos<\/strong> y <strong>45 medidas concretas<\/strong>, que buscan eliminar las desigualdades, fomentar la corresponsabilidad, prevenir la violencia de g\u00e9nero y fortalecer la cultura organizacional desde la igualdad.<\/p>\n<p>Adem\u00e1s, este nuevo plan se alinea con los <strong>Objetivos de Desarrollo Sostenible<\/strong> de la Agenda 2030, en especial el ODS 5 (Igualdad de g\u00e9nero) y el ODS 8 (Trabajo decente y crecimiento econ\u00f3mico), as\u00ed como con los compromisos internacionales asumidos por Espa\u00f1a, como el <strong>Convenio de Estambul<\/strong> y el <strong>Convenio 190 de la OIT<\/strong> sobre la violencia y el acoso en el trabajo.<\/p>\n<h3><span style=\"color: #000080;\"><strong>Ejes estrat\u00e9gicos y objetivos<\/strong><\/span><\/h3>\n<p>El IV Plan se estructura en seis ejes que marcan las l\u00edneas de actuaci\u00f3n para los pr\u00f3ximos a\u00f1os:<\/p>\n<ol>\n<li><strong>Medidas instrumentales para la transformaci\u00f3n organizacional<\/strong>: busca consolidar una cultura institucional que integre la igualdad en todas las estructuras y procesos, fomentando la participaci\u00f3n equilibrada de mujeres y hombres en todos los niveles.<\/li>\n<li><strong>Sensibilizaci\u00f3n, formaci\u00f3n y capacitaci\u00f3n<\/strong>: promueve la formaci\u00f3n continua del personal en materia de igualdad, para detectar y corregir sesgos de g\u00e9nero, garantizando una administraci\u00f3n m\u00e1s inclusiva.<\/li>\n<li><strong>Condiciones de trabajo y desarrollo personal<\/strong>: aborda la brecha salarial y la promoci\u00f3n profesional, impulsando medidas que favorezcan la retenci\u00f3n y el desarrollo del talento femenino.<\/li>\n<li><strong>Corresponsabilidad y conciliaci\u00f3n<\/strong>: fomenta la corresponsabilidad en los cuidados y la conciliaci\u00f3n de la vida personal, laboral y familiar, promoviendo una distribuci\u00f3n equilibrada de las responsabilidades.<\/li>\n<li><strong>Violencia contra las mujeres<\/strong>: refuerza la protecci\u00f3n de las empleadas p\u00fablicas mediante la aplicaci\u00f3n del <strong>Protocolo frente al acoso sexual y por raz\u00f3n de sexo<\/strong>, garantizando entornos laborales seguros y respetuosos.<\/li>\n<li><strong>Conocimiento de la igualdad en la AGE<\/strong>: establece la recogida sistem\u00e1tica y homog\u00e9nea de datos sobre igualdad para mejorar la evaluaci\u00f3n y la toma de decisiones basada en evidencias.<\/li>\n<\/ol>\n<h3><span style=\"color: #000080;\"><strong>Diagn\u00f3stico y avances previos<\/strong><\/span><\/h3>\n<p>El diagn\u00f3stico previo del <strong>III Plan de Igualdad (2020-2023)<\/strong> revel\u00f3 avances notables, con un grado de ejecuci\u00f3n del <strong>59%<\/strong> de las medidas previstas. Destacaron las \u00e1reas de sensibilizaci\u00f3n (82%) y condiciones de trabajo (75%), mientras que la corresponsabilidad y la conciliaci\u00f3n presentaron un desarrollo m\u00e1s limitado (43%).<\/p>\n<p>El informe de seguimiento evidenci\u00f3 logros relevantes, como la aprobaci\u00f3n del <a href=\"https:\/\/www.boe.es\/diario_boe\/txt.php?id=BOE-A-2024-6273\"><strong>Real Decreto 247\/2024<\/strong><\/a>, que consolida el protocolo contra el acoso sexual y por raz\u00f3n de sexo, y la puesta en marcha de un <strong>plan integral de formaci\u00f3n en igualdad<\/strong> que abarca todos los niveles de la Administraci\u00f3n.<\/p>\n<p>En t\u00e9rminos de empleo, las mujeres representan ya el <strong>53% del personal<\/strong> de la AGE, superando en n\u00famero a los hombres. Sin embargo, el diagn\u00f3stico tambi\u00e9n muestra desigualdades verticales, con una mayor concentraci\u00f3n femenina en los grupos profesionales de menor rango, lo que confirma la persistencia del llamado \u201ctecho de cristal\u201d.<\/p>\n<p>Asimismo, se ha detectado una <strong>sobrerrepresentaci\u00f3n de mujeres en el personal interino (72%)<\/strong>, y una presencia a\u00fan minoritaria en departamentos hist\u00f3ricamente masculinizados, como Interior o Defensa. Estos datos reflejan la necesidad de seguir trabajando en pol\u00edticas activas de igualdad y promoci\u00f3n profesional equilibrada.<\/p>\n<h3><span style=\"color: #000080;\"><strong>Hacia una administraci\u00f3n ejemplar en igualdad<\/strong><\/span><\/h3>\n<p>El IV Plan para la Igualdad de G\u00e9nero reafirma la voluntad del Gobierno de consolidar un cambio cultural en la Administraci\u00f3n P\u00fablica. Sus objetivos van m\u00e1s all\u00e1 del cumplimiento normativo: buscan <strong>transformar la cultura organizativa<\/strong>, promover un liderazgo inclusivo y fortalecer la estructura institucional de igualdad. El plan prev\u00e9 un sistema de seguimiento y evaluaci\u00f3n peri\u00f3dica, con indicadores claros y medibles, que permitir\u00e1 valorar el impacto real de las medidas y garantizar su mejora continua. Adem\u00e1s, se impulsar\u00e1 una estrategia de comunicaci\u00f3n y sensibilizaci\u00f3n para que todas las personas empleadas p\u00fablicas conozcan y participen activamente en la implantaci\u00f3n del plan.<\/p>\n<p>En definitiva, el <strong>IV Plan de Igualdad de G\u00e9nero de la Administraci\u00f3n General del Estado<\/strong> constituye una apuesta decidida por una Administraci\u00f3n m\u00e1s justa, moderna y equitativa. Su desarrollo no solo fortalecer\u00e1 la igualdad dentro del sector p\u00fablico, sino que tambi\u00e9n servir\u00e1 como <strong>referente para el \u00e1mbito privado<\/strong>, contribuyendo a avanzar hacia una sociedad m\u00e1s igualitaria, inclusiva y sostenible.<\/p>\n<p>&nbsp;<\/p>\n","protected":false},"excerpt":{"rendered":"<p>El Bolet\u00edn Oficial del Estado ha publicado la Resoluci\u00f3n de 20 de octubre de 2025 por la que se hace p\u00fablico el Acuerdo del Consejo de Ministros de 7 de octubre de 2025, mediante el cual se aprueba el IV Plan para la Igualdad de G\u00e9nero en la Administraci\u00f3n General del Estado (AGE) y en [&hellip;]<\/p>\n","protected":false},"author":6,"featured_media":4085,"comment_status":"open","ping_status":"open","sticky":false,"template":"","format":"standard","meta":{"_jetpack_memberships_contains_paid_content":false,"footnotes":""},"categories":[1],"tags":[52],"class_list":["post-4084","post","type-post","status-publish","format-standard","has-post-thumbnail","hentry","category-sin-categoria","tag-plan-de-igualdad"],"jetpack_featured_media_url":"https:\/\/igualdadenlaempresaaragon.es\/wp-content\/uploads\/2025\/11\/Copia-de-Diseno-sin-titulo-2.png","jetpack_sharing_enabled":true,"post_mailing_queue_ids":[],"_links":{"self":[{"href":"https:\/\/igualdadenlaempresaaragon.es\/index.php?rest_route=\/wp\/v2\/posts\/4084","targetHints":{"allow":["GET"]}}],"collection":[{"href":"https:\/\/igualdadenlaempresaaragon.es\/index.php?rest_route=\/wp\/v2\/posts"}],"about":[{"href":"https:\/\/igualdadenlaempresaaragon.es\/index.php?rest_route=\/wp\/v2\/types\/post"}],"author":[{"embeddable":true,"href":"https:\/\/igualdadenlaempresaaragon.es\/index.php?rest_route=\/wp\/v2\/users\/6"}],"replies":[{"embeddable":true,"href":"https:\/\/igualdadenlaempresaaragon.es\/index.php?rest_route=%2Fwp%2Fv2%2Fcomments&post=4084"}],"version-history":[{"count":19,"href":"https:\/\/igualdadenlaempresaaragon.es\/index.php?rest_route=\/wp\/v2\/posts\/4084\/revisions"}],"predecessor-version":[{"id":4114,"href":"https:\/\/igualdadenlaempresaaragon.es\/index.php?rest_route=\/wp\/v2\/posts\/4084\/revisions\/4114"}],"wp:featuredmedia":[{"embeddable":true,"href":"https:\/\/igualdadenlaempresaaragon.es\/index.php?rest_route=\/wp\/v2\/media\/4085"}],"wp:attachment":[{"href":"https:\/\/igualdadenlaempresaaragon.es\/index.php?rest_route=%2Fwp%2Fv2%2Fmedia&parent=4084"}],"wp:term":[{"taxonomy":"category","embeddable":true,"href":"https:\/\/igualdadenlaempresaaragon.es\/index.php?rest_route=%2Fwp%2Fv2%2Fcategories&post=4084"},{"taxonomy":"post_tag","embeddable":true,"href":"https:\/\/igualdadenlaempresaaragon.es\/index.php?rest_route=%2Fwp%2Fv2%2Ftags&post=4084"}],"curies":[{"name":"wp","href":"https:\/\/api.w.org\/{rel}","templated":true}]}}