{"id":4003,"date":"2025-10-14T12:01:58","date_gmt":"2025-10-14T10:01:58","guid":{"rendered":"https:\/\/igualdadenlaempresaaragon.es\/?p=4003"},"modified":"2025-10-14T12:01:58","modified_gmt":"2025-10-14T10:01:58","slug":"vi-jornada-igualdad-en-la-empresa-aragon","status":"publish","type":"post","link":"https:\/\/igualdadenlaempresaaragon.es\/?p=4003","title":{"rendered":"VI JORNADA IGUALDAD EN LA EMPRESA ARAG\u00d3N"},"content":{"rendered":"\r\n<p><span style=\"color: #333399;\"><em><strong>El pr\u00f3ximo 30 de octubre de 2025 se celebra la VI Jornada de Igualdad en la Empresa en Arag\u00f3n.<\/strong><\/em><\/span><br \/><br \/>La promoci\u00f3n de la igualdad efectiva entre mujeres y hombres en el \u00e1mbito laboral contin\u00faa siendo un objetivo esencial en la sociedad actual. En este marco, el Grupo de Trabajo sobre Planes de Igualdad en las Empresas, formado por el Gobierno de Arag\u00f3n, la Inspecci\u00f3n de Trabajo y Seguridad Social, CEOE Arag\u00f3n, CEPYME Arag\u00f3n, UGT Arag\u00f3n y CCOO Arag\u00f3n, impulsa una nueva edici\u00f3n de esta jornada anual, que se ha consolidado como un espacio de referencia en la materia.<br \/><br \/><span style=\"color: #333399;\"><em><strong>Este a\u00f1o, adem\u00e1s de abordar la prevenci\u00f3n del acoso sexual y del acoso por raz\u00f3n de sexo, la VI Jornada pone especial \u00e9nfasis en la elaboraci\u00f3n de una campa\u00f1a informativa sobre la vigencia y renovaci\u00f3n de los planes de igualdad en las empresas.<\/strong><\/em><\/span><br \/><br \/>La normativa actual no contempla la ultraactividad de los planes de igualdad, que tienen una vigencia m\u00e1xima de cuatro a\u00f1os. Dado que muchos planes fueron negociados en los a\u00f1os 2021 y 2022, un gran n\u00famero de ellos perder\u00e1 su vigencia en los pr\u00f3ximos meses. Por ello, los agentes sociales \u2014UGT Arag\u00f3n, CCOO Arag\u00f3n, CEOE Arag\u00f3n y CEPYME Arag\u00f3n\u2014 desarrollar\u00e1n una campa\u00f1a dirigida a las empresas y a la representaci\u00f3n legal de las personas trabajadoras, con el objetivo de concienciar sobre la necesidad de iniciar con tiempo suficiente la negociaci\u00f3n de los nuevos planes.<br \/><br \/>Esta jornada incluir\u00e1 infograf\u00edas y materiales divulgativos sobre los aspectos clave de la normativa, como la vigencia de los planes, la constituci\u00f3n de comisiones negociadoras, los procesos de evaluaci\u00f3n intermedia y final.<br \/><br \/>El acto de inauguraci\u00f3n contar\u00e1 con la intervenci\u00f3n de Mar Vaquero, Vicepresidenta y Consejera de Presidencia, Econom\u00eda y Justicia del Gobierno de Arag\u00f3n.<br \/><br \/>La ponencia central, \u201cEl acoso sexual en el \u00e1mbito laboral, prevenci\u00f3n y protocolos de actuaci\u00f3n\u201d, correr\u00e1 a cargo de Gemma Fabregat, Catedr\u00e1tica del Departamento de Derecho del Trabajo y Seguridad Social de la Universitat de Val\u00e8ncia.<br \/><br \/>Posteriormente, se celebrar\u00e1 la mesa de debate \u201cLa igualdad en el \u00e1mbito laboral desde la perspectiva y el trabajo en el marco del di\u00e1logo social. Los planes de igualdad, su evoluci\u00f3n y retos de futuro\u201d, con participaci\u00f3n de UGT Arag\u00f3n, CEOE Arag\u00f3n, CCOO Arag\u00f3n y CEPYME Arag\u00f3n.<br \/><br \/>La jornada ser\u00e1 clausurada por Jes\u00fas Divass\u00f3n, Director General de Trabajo del Gobierno de Arag\u00f3n, y finalizar\u00e1 con un espacio de Caf\u00e9 Networking.<br \/><br \/><strong>Fecha:<\/strong> Mi\u00e9rcoles, 30 de octubre de 2025<br \/><strong>Horario:<\/strong> De 09:00 a 12:00 h<br \/><strong>Lugar:<\/strong> Sala Goya, San Pedro Nolasco 7, Zaragoza<br \/><br \/><strong><span style=\"color: #ffcc00;\">Las inscripciones pueden realizarse a trav\u00e9s del siguiente enlace: <a style=\"color: #ffcc00;\" href=\"https:\/\/forms.office.com\/e\/1d2UgDyuUE\">[INSCRIPCIONES]<\/a><\/span><\/strong><\/p>\r\n<p>&nbsp;<\/p>\r\n<p><a href=\"file:\/\/\/C:\/Users\/mgberges\/Downloads\/Cartel%20VI%20Jornada%20Igualdad%20en%20la%20empresa%20en%20Arag%C3%B3n%20(1)%20(2).pdf\"><span style=\"color: #ffcc00;\"><strong>CARTEL DE LA JORNADA CON INSCRIPCI\u00d3N<\/strong><\/span><\/a><\/p>\r\n","protected":false},"excerpt":{"rendered":"<p>El pr\u00f3ximo 30 de octubre de 2025 se celebra la VI Jornada de Igualdad en la Empresa en Arag\u00f3n. La promoci\u00f3n de la igualdad efectiva entre mujeres y hombres en el \u00e1mbito laboral contin\u00faa siendo un objetivo esencial en la sociedad actual. En este marco, el Grupo de Trabajo sobre Planes de Igualdad en las [&hellip;]<\/p>\n","protected":false},"author":7,"featured_media":3991,"comment_status":"open","ping_status":"open","sticky":false,"template":"","format":"standard","meta":{"_jetpack_memberships_contains_paid_content":false,"footnotes":""},"categories":[1],"tags":[],"class_list":["post-4003","post","type-post","status-publish","format-standard","has-post-thumbnail","hentry","category-sin-categoria"],"jetpack_featured_media_url":"https:\/\/igualdadenlaempresaaragon.es\/wp-content\/uploads\/2025\/10\/Captura-cartel-jornada.jpg","jetpack_sharing_enabled":true,"post_mailing_queue_ids":[],"_links":{"self":[{"href":"https:\/\/igualdadenlaempresaaragon.es\/index.php?rest_route=\/wp\/v2\/posts\/4003","targetHints":{"allow":["GET"]}}],"collection":[{"href":"https:\/\/igualdadenlaempresaaragon.es\/index.php?rest_route=\/wp\/v2\/posts"}],"about":[{"href":"https:\/\/igualdadenlaempresaaragon.es\/index.php?rest_route=\/wp\/v2\/types\/post"}],"author":[{"embeddable":true,"href":"https:\/\/igualdadenlaempresaaragon.es\/index.php?rest_route=\/wp\/v2\/users\/7"}],"replies":[{"embeddable":true,"href":"https:\/\/igualdadenlaempresaaragon.es\/index.php?rest_route=%2Fwp%2Fv2%2Fcomments&post=4003"}],"version-history":[{"count":2,"href":"https:\/\/igualdadenlaempresaaragon.es\/index.php?rest_route=\/wp\/v2\/posts\/4003\/revisions"}],"predecessor-version":[{"id":4007,"href":"https:\/\/igualdadenlaempresaaragon.es\/index.php?rest_route=\/wp\/v2\/posts\/4003\/revisions\/4007"}],"wp:featuredmedia":[{"embeddable":true,"href":"https:\/\/igualdadenlaempresaaragon.es\/index.php?rest_route=\/wp\/v2\/media\/3991"}],"wp:attachment":[{"href":"https:\/\/igualdadenlaempresaaragon.es\/index.php?rest_route=%2Fwp%2Fv2%2Fmedia&parent=4003"}],"wp:term":[{"taxonomy":"category","embeddable":true,"href":"https:\/\/igualdadenlaempresaaragon.es\/index.php?rest_route=%2Fwp%2Fv2%2Fcategories&post=4003"},{"taxonomy":"post_tag","embeddable":true,"href":"https:\/\/igualdadenlaempresaaragon.es\/index.php?rest_route=%2Fwp%2Fv2%2Ftags&post=4003"}],"curies":[{"name":"wp","href":"https:\/\/api.w.org\/{rel}","templated":true}]}}