{"id":3838,"date":"2025-05-26T17:32:45","date_gmt":"2025-05-26T15:32:45","guid":{"rendered":"https:\/\/igualdadenlaempresaaragon.es\/?p=3838"},"modified":"2025-05-26T17:34:32","modified_gmt":"2025-05-26T15:34:32","slug":"el-ministerio-de-trabajo-lanza-herramienta-pionera-para-proteger-la-salud-laboral-de-las-trabajadoras-del-hogar","status":"publish","type":"post","link":"https:\/\/igualdadenlaempresaaragon.es\/?p=3838","title":{"rendered":"El Ministerio de Trabajo lanza herramienta pionera para proteger la salud laboral de las trabajadoras del hogar"},"content":{"rendered":"\r\n<p><span style=\"color: #000000;\">El Ministerio de Trabajo y Econom\u00eda Social ha dado un paso clave hacia la igualdad y la justicia laboral al lanzar Prevenci\u00f3n10 para el Empleo en el Hogar, una herramienta gratuita dise\u00f1ada para que las personas empleadoras puedan evaluar y gestionar los riesgos laborales en el \u00e1mbito del trabajo dom\u00e9stico.<\/span><\/p>\r\n<p><br \/><span style=\"color: #000000;\">Este instrumento, creado por el Instituto Nacional de Seguridad y Salud en el Trabajo (INSST), est\u00e1 disponible desde hoy en el portal Prevencion10.es. Su objetivo es facilitar el cumplimiento de las obligaciones en materia de prevenci\u00f3n de riesgos laborales, espec\u00edficamente en un sector donde predominan las mujeres, muchas de ellas mayores de 40 a\u00f1os y de origen extranjero o con doble nacionalidad.<\/span><\/p>\r\n<p><br \/><span style=\"color: #000000;\">La novedad de esta herramienta radica en que no requiere conocimientos t\u00e9cnicos previos: cualquier persona empleadora podr\u00e1 evaluar los riesgos del hogar, recibir propuestas de medidas preventivas adaptadas y obtener materiales informativos que deben ser entregados a las trabajadoras. Adem\u00e1s, incluye un sistema de registro para documentar cu\u00e1ndo se implementan las medidas y hacer un seguimiento de su cumplimiento.<\/span><\/p>\r\n<p><br \/><span style=\"color: #000000;\">Las personas empleadoras tienen un plazo de seis meses \u2014hasta noviembre de 2025\u2014 para completar este proceso, en l\u00ednea con lo establecido en el Real Decreto 893\/2024, que regula por primera vez de forma espec\u00edfica la seguridad y salud en el servicio del hogar familiar.<\/span><\/p>\r\n<p><br \/><span style=\"color: #000000;\">El portal tambi\u00e9n cuenta con una secci\u00f3n dedicada al empleo en el hogar y un servicio de atenci\u00f3n telef\u00f3nica gratuito (913 63 43 00), disponible de lunes a viernes, de 9:00 a 14:00 horas, para resolver dudas.<\/span><br \/><br \/><\/p>\r\n","protected":false},"excerpt":{"rendered":"<p>El Ministerio de Trabajo y Econom\u00eda Social ha dado un paso clave hacia la igualdad y la justicia laboral al lanzar Prevenci\u00f3n10 para el Empleo en el Hogar, una herramienta gratuita dise\u00f1ada para que las personas empleadoras puedan evaluar y gestionar los riesgos laborales en el \u00e1mbito del trabajo dom\u00e9stico. Este instrumento, creado por el [&hellip;]<\/p>\n","protected":false},"author":7,"featured_media":3843,"comment_status":"open","ping_status":"open","sticky":false,"template":"","format":"standard","meta":{"_jetpack_memberships_contains_paid_content":false,"footnotes":""},"categories":[1],"tags":[],"class_list":["post-3838","post","type-post","status-publish","format-standard","has-post-thumbnail","hentry","category-sin-categoria"],"jetpack_featured_media_url":"https:\/\/igualdadenlaempresaaragon.es\/wp-content\/uploads\/2025\/05\/Sin-titulo-Post-de-Instagram-45-e1748273545683.jpg","jetpack_sharing_enabled":true,"post_mailing_queue_ids":[],"_links":{"self":[{"href":"https:\/\/igualdadenlaempresaaragon.es\/index.php?rest_route=\/wp\/v2\/posts\/3838","targetHints":{"allow":["GET"]}}],"collection":[{"href":"https:\/\/igualdadenlaempresaaragon.es\/index.php?rest_route=\/wp\/v2\/posts"}],"about":[{"href":"https:\/\/igualdadenlaempresaaragon.es\/index.php?rest_route=\/wp\/v2\/types\/post"}],"author":[{"embeddable":true,"href":"https:\/\/igualdadenlaempresaaragon.es\/index.php?rest_route=\/wp\/v2\/users\/7"}],"replies":[{"embeddable":true,"href":"https:\/\/igualdadenlaempresaaragon.es\/index.php?rest_route=%2Fwp%2Fv2%2Fcomments&post=3838"}],"version-history":[{"count":2,"href":"https:\/\/igualdadenlaempresaaragon.es\/index.php?rest_route=\/wp\/v2\/posts\/3838\/revisions"}],"predecessor-version":[{"id":3844,"href":"https:\/\/igualdadenlaempresaaragon.es\/index.php?rest_route=\/wp\/v2\/posts\/3838\/revisions\/3844"}],"wp:featuredmedia":[{"embeddable":true,"href":"https:\/\/igualdadenlaempresaaragon.es\/index.php?rest_route=\/wp\/v2\/media\/3843"}],"wp:attachment":[{"href":"https:\/\/igualdadenlaempresaaragon.es\/index.php?rest_route=%2Fwp%2Fv2%2Fmedia&parent=3838"}],"wp:term":[{"taxonomy":"category","embeddable":true,"href":"https:\/\/igualdadenlaempresaaragon.es\/index.php?rest_route=%2Fwp%2Fv2%2Fcategories&post=3838"},{"taxonomy":"post_tag","embeddable":true,"href":"https:\/\/igualdadenlaempresaaragon.es\/index.php?rest_route=%2Fwp%2Fv2%2Ftags&post=3838"}],"curies":[{"name":"wp","href":"https:\/\/api.w.org\/{rel}","templated":true}]}}