{"id":3727,"date":"2025-03-11T13:41:00","date_gmt":"2025-03-11T11:41:00","guid":{"rendered":"https:\/\/igualdadenlaempresaaragon.es\/?p=3727"},"modified":"2025-03-11T13:41:00","modified_gmt":"2025-03-11T11:41:00","slug":"abierta-convocatoria-de-las-becas-de-formacion-maria-telo-2025-en-el-instituto-de-las-mujeres","status":"publish","type":"post","link":"https:\/\/igualdadenlaempresaaragon.es\/?p=3727","title":{"rendered":"Abierta convocatoria de las becas de formaci\u00f3n Mar\u00eda Telo 2025 en el Instituto de las Mujeres"},"content":{"rendered":"<h2><span style=\"color: #3366ff;\">El Instituto de las Mujeres convoca las becas de formaci\u00f3n Mar\u00eda Telo para el a\u00f1o 2025. La convocatoria ha sido publicada \u00a0el 1 de marzo, en el Bolet\u00edn Oficial del Estado (BOE) y est\u00e1 destinada a personas con titulaci\u00f3n superior universitaria y en situaci\u00f3n de desempleo para su capacitaci\u00f3n en materias vinculadas con la igualdad real y efectiva entre mujeres y hombres, as\u00ed como para la prevenci\u00f3n y eliminaci\u00f3n de toda discriminaci\u00f3n de las personas por raz\u00f3n de sexo.<\/span><\/h2>\n<p><span style=\"color: #808080;\">En esta convocatoria se ofertan <strong>5 becas<\/strong> en los servicios de Comunicaci\u00f3n e Imagen (Unidad de Apoyo), Relaciones Interinstitucionales (Secretar\u00eda General), Estad\u00edstica (Subdirecci\u00f3n General de Estudios y Cooperaci\u00f3n), Igualdad en el Empleo (Subdirecci\u00f3n General para el Emprendimiento, la Igualdad en la Empresa y la Negociaci\u00f3n Colectiva de Mujeres) y Educaci\u00f3n, Ciencia y Tecnolog\u00eda (Subdirecci\u00f3n General de Programas).<\/span><\/p>\n<p><span style=\"color: #808080;\">La Orden IGD\/548\/2022, de 14 de junio, establece las bases reguladoras para la concesi\u00f3n de becas de formaci\u00f3n en materia de igualdad de g\u00e9nero en el Instituto de las Mujeres. La financiaci\u00f3n se har\u00e1 con cargo a la aplicaci\u00f3n presupuestaria 30.101.232B.489 del presupuesto de gastos del Instituto de las Mujeres, por un total de 69.659,40\u20ac, distribuido con un m\u00e1ximo de 34.829,70 euros con cargo al ejercicio 2025\u00a0y un m\u00e1ximo de 34.829,70 euros para el ejercicio 2026. La cuant\u00eda de cada beca queda establecida en una asignaci\u00f3n de 1.100,00\u20ac brutos mensuales o cantidad proporcional al n\u00famero de d\u00edas que en el mes de inicio o finalizaci\u00f3n se haya disfrutado de cada beca<\/span><\/p>\n<h3><span style=\"color: #3366ff;\"><strong>Requisitos y presentaci\u00f3n de solicitudes<\/strong><\/span><\/h3>\n<p><span style=\"color: #808080;\">Las becas Mar\u00eda Telo se convocan para el per\u00edodo 2025-2026\u00a0en r\u00e9gimen de concurrencia competitiva. Se desarrollar\u00e1n en las instalaciones del Instituto de las Mujeres y su incorporaci\u00f3n est\u00e1 prevista para no antes de junio de 2025. Durante ese per\u00edodo, cada persona becada contar\u00e1 con tutorizaci\u00f3n en el \u00e1rea asignada y la duraci\u00f3n de la misma se extender\u00e1 hasta el 31 de mayo de 2026, pudiendo prorrogarse por 12 meses m\u00e1s.<\/span><\/p>\n<p><span style=\"color: #808080;\">Las personas interesadas deber\u00e1n adjuntar con su solicitud una carta de presentaci\u00f3n y motivaci\u00f3n, un certificado de las calificaciones obtenidas durante los estudios universitarios, un curr\u00edculum vitae y declaraciones responsables de estar al corriente de pago de las obligaciones tributarias y de no haber disfrutado con anterioridad otras becas de formaci\u00f3n en el Instituto de las Mujeres y\/o en el \u00e1mbito del Ministerio de Igualdad.<\/span><\/p>\n<p><span style=\"color: #808080;\">Podr\u00e1n solicitarse, a trav\u00e9s del formulario disponible en la sede electr\u00f3nica del Ministerio de Igualdad, hasta dos becas por persona y <u>el plazo de presentaci\u00f3n est\u00e1 abierto hasta el <strong>21 de marzo de 2025<\/strong><\/u><strong>.<\/strong><\/span><\/p>\n<p><span style=\"color: #808080;\">La convocatoria de las becas est\u00e1 disponible en:<strong>\u00a0<a style=\"color: #808080;\" href=\"https:\/\/www.inmujeres.gob.es\/servRecursos\/convocatorias\/2025\/BecasFormacionMariaTelo.htm\">https:\/\/www.inmujeres.gob.es\/servRecursos\/convocatorias\/2025\/BecasFormacionMariaTelo.htm<\/a><\/strong><\/span><\/p>\n<h3><span style=\"color: #3366ff;\"><strong>Mar\u00eda Telo N\u00fa\u00f1ez<\/strong><\/span><\/h3>\n<p><span style=\"color: #808080;\">Estas becas de formaci\u00f3n rinden homenaje a Mar\u00eda Telo N\u00fa\u00f1ez (1943-2007), quien fue una destacada activista, jurista y escritora espa\u00f1ola, conocida por su firme defensa de los derechos de las mujeres y la igualdad de g\u00e9nero. Su trabajo se centr\u00f3 en visibilizar y luchar contra la discriminaci\u00f3n hacia las mujeres en diversos \u00e1mbitos de la sociedad. Fue una pionera en la denuncia de la violencia de g\u00e9nero y en la promoci\u00f3n de los derechos sexuales y reproductivos. A lo largo de su vida, Telo N\u00fa\u00f1ez tambi\u00e9n abog\u00f3 por una educaci\u00f3n igualitaria y por la integraci\u00f3n plena de las mujeres en todos los espacios p\u00fablicos y privados. Consigui\u00f3 rebajar la edad legal de las mujeres de 25 a 21 a\u00f1os en el C\u00f3digo Civil y logr\u00f3 la reforma del mismo en 1975 liberando a las mujeres casadas de la autoridad y licencia marital. Su legado y su influencia siguen vivos en el feminismo contempor\u00e1neo.<\/span><\/p>\n<p>&nbsp;<\/p>\n<p>&nbsp;<\/p>\n","protected":false},"excerpt":{"rendered":"<p>El Instituto de las Mujeres convoca las becas de formaci\u00f3n Mar\u00eda Telo para el a\u00f1o 2025. La convocatoria ha sido publicada \u00a0el 1 de marzo, en el Bolet\u00edn Oficial del Estado (BOE) y est\u00e1 destinada a personas con titulaci\u00f3n superior universitaria y en situaci\u00f3n de desempleo para su capacitaci\u00f3n en materias vinculadas con la igualdad [&hellip;]<\/p>\n","protected":false},"author":6,"featured_media":3734,"comment_status":"open","ping_status":"open","sticky":false,"template":"","format":"standard","meta":{"_jetpack_memberships_contains_paid_content":false,"footnotes":""},"categories":[1],"tags":[275,20,16],"class_list":["post-3727","post","type-post","status-publish","format-standard","has-post-thumbnail","hentry","category-sin-categoria","tag-becas","tag-igualdad-de-genero","tag-instituto-de-las-mujeres"],"jetpack_featured_media_url":"https:\/\/igualdadenlaempresaaragon.es\/wp-content\/uploads\/2025\/03\/post-marzo-2025.jpg","jetpack_sharing_enabled":true,"post_mailing_queue_ids":[],"_links":{"self":[{"href":"https:\/\/igualdadenlaempresaaragon.es\/index.php?rest_route=\/wp\/v2\/posts\/3727","targetHints":{"allow":["GET"]}}],"collection":[{"href":"https:\/\/igualdadenlaempresaaragon.es\/index.php?rest_route=\/wp\/v2\/posts"}],"about":[{"href":"https:\/\/igualdadenlaempresaaragon.es\/index.php?rest_route=\/wp\/v2\/types\/post"}],"author":[{"embeddable":true,"href":"https:\/\/igualdadenlaempresaaragon.es\/index.php?rest_route=\/wp\/v2\/users\/6"}],"replies":[{"embeddable":true,"href":"https:\/\/igualdadenlaempresaaragon.es\/index.php?rest_route=%2Fwp%2Fv2%2Fcomments&post=3727"}],"version-history":[{"count":7,"href":"https:\/\/igualdadenlaempresaaragon.es\/index.php?rest_route=\/wp\/v2\/posts\/3727\/revisions"}],"predecessor-version":[{"id":3735,"href":"https:\/\/igualdadenlaempresaaragon.es\/index.php?rest_route=\/wp\/v2\/posts\/3727\/revisions\/3735"}],"wp:featuredmedia":[{"embeddable":true,"href":"https:\/\/igualdadenlaempresaaragon.es\/index.php?rest_route=\/wp\/v2\/media\/3734"}],"wp:attachment":[{"href":"https:\/\/igualdadenlaempresaaragon.es\/index.php?rest_route=%2Fwp%2Fv2%2Fmedia&parent=3727"}],"wp:term":[{"taxonomy":"category","embeddable":true,"href":"https:\/\/igualdadenlaempresaaragon.es\/index.php?rest_route=%2Fwp%2Fv2%2Fcategories&post=3727"},{"taxonomy":"post_tag","embeddable":true,"href":"https:\/\/igualdadenlaempresaaragon.es\/index.php?rest_route=%2Fwp%2Fv2%2Ftags&post=3727"}],"curies":[{"name":"wp","href":"https:\/\/api.w.org\/{rel}","templated":true}]}}