{"id":3506,"date":"2024-11-07T14:52:42","date_gmt":"2024-11-07T12:52:42","guid":{"rendered":"https:\/\/igualdadenlaempresaaragon.es\/?p=3506"},"modified":"2024-11-08T14:36:33","modified_gmt":"2024-11-08T12:36:33","slug":"v-jornada-igualdad-en-la-empresa-aragon","status":"publish","type":"post","link":"https:\/\/igualdadenlaempresaaragon.es\/?p=3506","title":{"rendered":"V JORNADA IGUALDAD EN LA EMPRESA ARAG\u00d3N"},"content":{"rendered":"<blockquote><p><span style=\"color: #333399;\"><strong><em>El pr\u00f3ximo 20 de noviembre se celebra la V Jornada de Igualdad en la empresa con el lema \u201cLOS RETOS DE LA IGUALDAD ENTRE MUJERES Y HOMBRES EN EL \u00c1MBITO LABORAL EN ARAG\u00d3N\u201d.<\/em><\/strong><\/span><\/p><\/blockquote>\n<p><span style=\"color: #333333;\"> La b\u00fasqueda de igualdad entre mujeres y hombres en el \u00e1mbito laboral es un objetivo fundamental en la sociedad actual. En este contexto, el Grupo de Trabajo sobre Planes de Igualdad en las empresas, una entidad compuesta por diversos actores clave como el Gobierno de Arag\u00f3n, la Inspecci\u00f3n de Trabajo y la Seguridad Social, CEPYME, CEOE, UGT Arag\u00f3n y CCOO Arag\u00f3n, han asumido un papel protagonista.<\/span><\/p>\n<p><span style=\"color: #333399;\"><strong><em>Este a\u00f1o, la V Jornada pone el foco en dos asuntos importantes. Por un lado en la prevenci\u00f3n del acoso sexual y el acoso por raz\u00f3n de sexo y c\u00f3mo actuar ante estas situaciones, y por otro lado, en la perspectiva de la Inspecci\u00f3n de Trabajo y la Seguridad Social y de los agentes sociales ante los planes de igualdad en nuestra comunidad aut\u00f3noma, realidades y retos.<\/em><\/strong><\/span><\/p>\n<p>Cabe se\u00f1alar que adem\u00e1s de contar en la inauguraci\u00f3n con la Vicepresidenta y Consejera de Presidencia, Econom\u00eda y Justicia del Gobierno de Arag\u00f3n, Mar Vaquero, la ponencia central de dicha V Jornada correr\u00e1 a cargo de Marta R\u00edos, que expondr\u00e1 su experiencia en el camino hacia el liderazgo.<\/p>\n<p>Sobre el acoso sexual y el acoso por raz\u00f3n sexo ser\u00e1 Ana Gracia Marzal, experta en recursos humanos y relaciones laborales, quien aborde lo relativo a la prevenci\u00f3n y la actuaci\u00f3n en estos casos.<\/p>\n<p>La organizaci\u00f3n corre a cargo de CC.OO. Arag\u00f3n, CEOE Arag\u00f3n, CEPYME Arag\u00f3n, UGT Arag\u00f3n y la Direcci\u00f3n General de Trabajo del Gobierno de Arag\u00f3n.<\/p>\n<p>Esta jornada se dirige a las empresas, a responsables de RRHH, a quienes formen parte de comisiones negociadoras de planes de igualdad, o comisiones de seguimiento, a la representaci\u00f3n legal de las personas trabajadoras, a delegadas y delegados, y a todas personas interesadas.<\/p>\n<ul>\n<li>La convocatoria es el pr\u00f3ximo <strong>20 de noviembre<\/strong>, mi\u00e9rcoles, en el <strong>Centro de Tecnolog\u00edas Avanzadas del INAEM<\/strong> <a href=\"https:\/\/maps.app.goo.gl\/2VDkXPRpvSpBytxK9\" target=\"_blank\" rel=\"noopener\">(Avda. Sainz de Varanda, 15, Zaragoza)<\/a>.<\/li>\n<li>El horario <strong>de 09:00 a 11:30<\/strong>.<\/li>\n<li>Las inscripciones a partir de este enlace: <a href=\"https:\/\/forms.office.com\/pages\/responsepage.aspx?id=Con_gMPgxEO90AePWCiGEKUjXxhss2VAj2lOKpcoLdFUMEFFVTE4SDFJRlc2UVlESzU1U08xNjlSTi4u&amp;origin=lprLink&amp;route=shorturl\" target=\"_blank\" rel=\"noopener\"><strong>INCRIPCIONES<\/strong><\/a>.<\/li>\n<\/ul>\n<p>&nbsp;<\/p>\n<p><a href=\"https:\/\/igualdadenlaempresaaragon.es\/wp-content\/uploads\/2024\/11\/CARTEL-JORNADA-20N-CON-INSCRIPCIONES.pdf\">CARTEL JORNADA 20N CON INSCRIPCIONES<\/a><\/p>\n<p>&nbsp;<\/p>\n","protected":false},"excerpt":{"rendered":"<p>El pr\u00f3ximo 20 de noviembre se celebra la V Jornada de Igualdad en la empresa con el lema \u201cLOS RETOS DE LA IGUALDAD ENTRE MUJERES Y HOMBRES EN EL \u00c1MBITO LABORAL EN ARAG\u00d3N\u201d. La b\u00fasqueda de igualdad entre mujeres y hombres en el \u00e1mbito laboral es un objetivo fundamental en la sociedad actual. En este [&hellip;]<\/p>\n","protected":false},"author":8,"featured_media":3515,"comment_status":"open","ping_status":"open","sticky":false,"template":"","format":"standard","meta":{"_jetpack_memberships_contains_paid_content":false,"footnotes":""},"categories":[1],"tags":[50,244,18,243],"class_list":["post-3506","post","type-post","status-publish","format-standard","has-post-thumbnail","hentry","category-sin-categoria","tag-acoso-sexual","tag-agentes-sociales","tag-igualdad","tag-jornada"],"jetpack_featured_media_url":"https:\/\/igualdadenlaempresaaragon.es\/wp-content\/uploads\/2024\/11\/Diseno-sin-titulo-1.jpg","jetpack_sharing_enabled":true,"post_mailing_queue_ids":[],"_links":{"self":[{"href":"https:\/\/igualdadenlaempresaaragon.es\/index.php?rest_route=\/wp\/v2\/posts\/3506","targetHints":{"allow":["GET"]}}],"collection":[{"href":"https:\/\/igualdadenlaempresaaragon.es\/index.php?rest_route=\/wp\/v2\/posts"}],"about":[{"href":"https:\/\/igualdadenlaempresaaragon.es\/index.php?rest_route=\/wp\/v2\/types\/post"}],"author":[{"embeddable":true,"href":"https:\/\/igualdadenlaempresaaragon.es\/index.php?rest_route=\/wp\/v2\/users\/8"}],"replies":[{"embeddable":true,"href":"https:\/\/igualdadenlaempresaaragon.es\/index.php?rest_route=%2Fwp%2Fv2%2Fcomments&post=3506"}],"version-history":[{"count":7,"href":"https:\/\/igualdadenlaempresaaragon.es\/index.php?rest_route=\/wp\/v2\/posts\/3506\/revisions"}],"predecessor-version":[{"id":3519,"href":"https:\/\/igualdadenlaempresaaragon.es\/index.php?rest_route=\/wp\/v2\/posts\/3506\/revisions\/3519"}],"wp:featuredmedia":[{"embeddable":true,"href":"https:\/\/igualdadenlaempresaaragon.es\/index.php?rest_route=\/wp\/v2\/media\/3515"}],"wp:attachment":[{"href":"https:\/\/igualdadenlaempresaaragon.es\/index.php?rest_route=%2Fwp%2Fv2%2Fmedia&parent=3506"}],"wp:term":[{"taxonomy":"category","embeddable":true,"href":"https:\/\/igualdadenlaempresaaragon.es\/index.php?rest_route=%2Fwp%2Fv2%2Fcategories&post=3506"},{"taxonomy":"post_tag","embeddable":true,"href":"https:\/\/igualdadenlaempresaaragon.es\/index.php?rest_route=%2Fwp%2Fv2%2Ftags&post=3506"}],"curies":[{"name":"wp","href":"https:\/\/api.w.org\/{rel}","templated":true}]}}