{"id":3070,"date":"2023-12-19T11:45:09","date_gmt":"2023-12-19T09:45:09","guid":{"rendered":"https:\/\/igualdadenlaempresaaragon.es\/?p=3070"},"modified":"2023-12-19T11:45:09","modified_gmt":"2023-12-19T09:45:09","slug":"340-planes-de-igualdad-estan-vigentes-en-aragon-a-finales-de-diciembre","status":"publish","type":"post","link":"https:\/\/igualdadenlaempresaaragon.es\/?p=3070","title":{"rendered":"340 PLANES DE IGUALDAD EST\u00c1N VIGENTES EN ARAG\u00d3N A FINALES DE DICIEMBRE"},"content":{"rendered":"<blockquote><p><span style=\"color: #800080;\"><strong>De todas las empresas cuyo domicilio social est\u00e1 en Arag\u00f3n, 340 tienen planes de igualdad vigentes a fecha de hoy, 19 de diciembre de 2023.<\/strong><\/span><\/p><\/blockquote>\n<p>O bien son empresas con 50 o m\u00e1s personas en plantilla o son empresas que de forma voluntaria han decidido tener un plan de igualdad. Dado que la explotaci\u00f3n de los datos estad\u00edsticos que llevan parejos los planes de igualdad cuando se registran en el REGCON no se ha realizado por parte del Ministerio competente en esta materia, es muy complicado saber el tama\u00f1o exacto de las empresas que disponen de plan de igualdad.<\/p>\n<p>Seg\u00fan la autoridad laboral en la que debe inscribirse el Plan, se reparten los panes vigentes en Arag\u00f3n del siguiente modo:<\/p>\n<table style=\"height: 300px;\" width=\"391\">\n<tbody>\n<tr>\n<td width=\"140\"><strong>Seg\u00fan Autoridad Laboral<\/strong><\/td>\n<td width=\"227\">\n<p style=\"text-align: center;\"><strong>N\u00ba Planes Igualdad<\/strong><\/p>\n<\/td>\n<\/tr>\n<tr>\n<td width=\"140\">Arag\u00f3n<\/td>\n<td width=\"227\">\n<p style=\"text-align: center;\">25<\/p>\n<\/td>\n<\/tr>\n<tr>\n<td width=\"140\">Huesca<\/td>\n<td width=\"227\">\n<p style=\"text-align: center;\">57<\/p>\n<\/td>\n<\/tr>\n<tr>\n<td width=\"140\">Teruel<\/td>\n<td width=\"227\">\n<p style=\"text-align: center;\">27<\/p>\n<\/td>\n<\/tr>\n<tr>\n<td width=\"140\">Zaragoza<\/td>\n<td width=\"227\">\n<p style=\"text-align: center;\">231<\/p>\n<\/td>\n<\/tr>\n<tr>\n<td style=\"text-align: center;\" width=\"140\"><strong>Total general<\/strong><\/td>\n<td width=\"227\">\n<p style=\"text-align: center;\"><strong>340<\/strong><\/p>\n<\/td>\n<\/tr>\n<\/tbody>\n<\/table>\n<p>&nbsp;<\/p>\n<p><img fetchpriority=\"high\" decoding=\"async\" class=\"wp-image-3074 aligncenter\" src=\"https:\/\/igualdadenlaempresaaragon.es\/wp-content\/uploads\/2023\/12\/PI-segun-Autoridad-laboral-300x180.jpg\" alt=\"\" width=\"392\" height=\"235\" srcset=\"https:\/\/igualdadenlaempresaaragon.es\/wp-content\/uploads\/2023\/12\/PI-segun-Autoridad-laboral-300x180.jpg 300w, https:\/\/igualdadenlaempresaaragon.es\/wp-content\/uploads\/2023\/12\/PI-segun-Autoridad-laboral.jpg 476w\" sizes=\"(max-width: 392px) 100vw, 392px\" \/><\/p>\n<p>&nbsp;<\/p>\n<p>En relaci\u00f3n a la vigencia de los planes de igualdad que est\u00e1n registrados en el REGCON, todos los inscritos hasta la fecha van a perder su vigencia como muy tarde en 2027, si bien cabe se\u00f1alar que esto va ocurrir de manera inminente en <strong>7 empresas de nuestra Comunidad Aut\u00f3noma, <\/strong>dado que <strong>a lo largo de los d\u00edas que restan para terminar el a\u00f1o sus planes de igualdad dejan de estar vigentes<\/strong>.<\/p>\n<table width=\"367\">\n<tbody>\n<tr>\n<td width=\"140\"><strong>VIGENCIA<\/strong><\/td>\n<td width=\"227\">\n<p style=\"text-align: center;\"><strong>N\u00ba Planes Igualdad<\/strong><\/p>\n<\/td>\n<\/tr>\n<tr>\n<td width=\"140\">2023<\/td>\n<td width=\"227\">\n<p style=\"text-align: center;\">7<\/p>\n<\/td>\n<\/tr>\n<tr>\n<td width=\"140\">2024<\/td>\n<td width=\"227\">\n<p style=\"text-align: center;\">27<\/p>\n<\/td>\n<\/tr>\n<tr>\n<td width=\"140\">2025<\/td>\n<td width=\"227\">\n<p style=\"text-align: center;\">80<\/p>\n<\/td>\n<\/tr>\n<tr>\n<td width=\"140\">2026<\/td>\n<td width=\"227\">\n<p style=\"text-align: center;\">135<\/p>\n<\/td>\n<\/tr>\n<tr>\n<td width=\"140\">2027<\/td>\n<td width=\"227\">\n<p style=\"text-align: center;\">91<\/p>\n<\/td>\n<\/tr>\n<tr>\n<td width=\"140\">\n<p style=\"text-align: center;\"><strong>Total<\/strong><\/p>\n<\/td>\n<td width=\"227\">\n<p style=\"text-align: center;\"><strong>340<\/strong><\/p>\n<\/td>\n<\/tr>\n<\/tbody>\n<\/table>\n<p>&nbsp;<\/p>\n<p><strong>Una vez que el Plan ha perdido su vigencia<\/strong>, y habiendo hecho el seguimiento del mismo y una evaluaci\u00f3n intermedia y otra final, <strong>debe disponerse de otro Plan de Igualdad nuevo y\/o actualizado, en el que se haya negociado previamente en el seno de la comisi\u00f3n negociadora el nuevo diagn\u00f3stico, donde se incluya la auditor\u00eda retributiva, y las nuevas medidas de igualdad que dan forma al nuevo plan<\/strong>. Este nuevo documento debe inscribirse en el REGCON.<\/p>\n","protected":false},"excerpt":{"rendered":"<p>De todas las empresas cuyo domicilio social est\u00e1 en Arag\u00f3n, 340 tienen planes de igualdad vigentes a fecha de hoy, 19 de diciembre de 2023. O bien son empresas con 50 o m\u00e1s personas en plantilla o son empresas que de forma voluntaria han decidido tener un plan de igualdad. Dado que la explotaci\u00f3n de [&hellip;]<\/p>\n","protected":false},"author":8,"featured_media":3078,"comment_status":"open","ping_status":"open","sticky":false,"template":"","format":"standard","meta":{"_jetpack_memberships_contains_paid_content":false,"footnotes":""},"categories":[1],"tags":[174,58,172,173],"class_list":["post-3070","post","type-post","status-publish","format-standard","has-post-thumbnail","hentry","category-sin-categoria","tag-aragon","tag-planes-de-igualdad","tag-regcon","tag-vigencia"],"jetpack_featured_media_url":"https:\/\/igualdadenlaempresaaragon.es\/wp-content\/uploads\/2023\/12\/REGCON.jpg","jetpack_sharing_enabled":true,"post_mailing_queue_ids":[],"_links":{"self":[{"href":"https:\/\/igualdadenlaempresaaragon.es\/index.php?rest_route=\/wp\/v2\/posts\/3070","targetHints":{"allow":["GET"]}}],"collection":[{"href":"https:\/\/igualdadenlaempresaaragon.es\/index.php?rest_route=\/wp\/v2\/posts"}],"about":[{"href":"https:\/\/igualdadenlaempresaaragon.es\/index.php?rest_route=\/wp\/v2\/types\/post"}],"author":[{"embeddable":true,"href":"https:\/\/igualdadenlaempresaaragon.es\/index.php?rest_route=\/wp\/v2\/users\/8"}],"replies":[{"embeddable":true,"href":"https:\/\/igualdadenlaempresaaragon.es\/index.php?rest_route=%2Fwp%2Fv2%2Fcomments&post=3070"}],"version-history":[{"count":6,"href":"https:\/\/igualdadenlaempresaaragon.es\/index.php?rest_route=\/wp\/v2\/posts\/3070\/revisions"}],"predecessor-version":[{"id":3077,"href":"https:\/\/igualdadenlaempresaaragon.es\/index.php?rest_route=\/wp\/v2\/posts\/3070\/revisions\/3077"}],"wp:featuredmedia":[{"embeddable":true,"href":"https:\/\/igualdadenlaempresaaragon.es\/index.php?rest_route=\/wp\/v2\/media\/3078"}],"wp:attachment":[{"href":"https:\/\/igualdadenlaempresaaragon.es\/index.php?rest_route=%2Fwp%2Fv2%2Fmedia&parent=3070"}],"wp:term":[{"taxonomy":"category","embeddable":true,"href":"https:\/\/igualdadenlaempresaaragon.es\/index.php?rest_route=%2Fwp%2Fv2%2Fcategories&post=3070"},{"taxonomy":"post_tag","embeddable":true,"href":"https:\/\/igualdadenlaempresaaragon.es\/index.php?rest_route=%2Fwp%2Fv2%2Ftags&post=3070"}],"curies":[{"name":"wp","href":"https:\/\/api.w.org\/{rel}","templated":true}]}}