{"id":2958,"date":"2023-11-03T14:08:41","date_gmt":"2023-11-03T12:08:41","guid":{"rendered":"https:\/\/igualdadenlaempresaaragon.es\/?p=2958"},"modified":"2023-11-03T14:08:41","modified_gmt":"2023-11-03T12:08:41","slug":"sensibilizacion-sobre-la-violencia-en-el-trabajo-impacto-desigual-en-el-desarrollo-laboral-de-las-mujeres","status":"publish","type":"post","link":"https:\/\/igualdadenlaempresaaragon.es\/?p=2958","title":{"rendered":"Sensibilizaci\u00f3n sobre la Violencia en el Trabajo: Impacto Desigual en el Desarrollo Laboral de las Mujeres"},"content":{"rendered":"\r\n<p><span style=\"color: #000000;\">La reciente investigaci\u00f3n publicada en \u00abThe Quarterly Journal of Economics\u00bb arroja luz sobre la violencia en el trabajo y c\u00f3mo afecta de manera desigual a hombres y mujeres. Este estudio, basado en informes policiales de Finlandia recopilados entre 2006 y 2019, resalta la importancia de la sensibilizaci\u00f3n sobre este tema.<\/span><br \/><span style=\"color: #000000;\">Desigualdades de G\u00e9nero en la Violencia Laboral<\/span><\/p>\r\n<p><br \/><span style=\"color: #000000;\">El estudio se enfoca en analizar las consecuencias de la violencia en el trabajo, considerando si la v\u00edctima es hombre o mujer, y si el agresor es un hombre. En la muestra analizada, el 84% de los agresores son hombres. Dos variables clave se utilizaron para evaluar las diferencias: los ingresos econ\u00f3micos de las v\u00edctimas en comparaci\u00f3n con los agresores y la gravedad del delito.<\/span><\/p>\r\n<p><br \/><strong><span style=\"color: #000000;\">Impacto Diferencial<\/span><\/strong><br \/><span style=\"color: #000000;\">Los resultados son reveladores. Cuando tanto el agresor como la v\u00edctima son hombres, los agresores sufren consecuencias negativas mayores que sus v\u00edctimas. Sin embargo, cuando el agresor es un hombre y la v\u00edctima una mujer, los agresores tienen m\u00e1s probabilidades de mantener su empleo, y la v\u00edctima, generalmente una mujer, sufre un impacto significativo en su desarrollo laboral que puede durar hasta cinco a\u00f1os. El poder econ\u00f3mico de los agresores se identifica como una causa probable de estas diferencias.<\/span><\/p>\r\n<p><br \/><strong><span style=\"color: #000000;\">Impacto en las Empresas<\/span><\/strong><br \/><span style=\"color: #000000;\">El estudio tambi\u00e9n analiza c\u00f3mo la violencia en el trabajo afecta a las empresas. Las empresas lideradas por hombres experimentan una disminuci\u00f3n en la representaci\u00f3n de mujeres en su plantilla como consecuencia de estas agresiones. Esto ocurre porque las mujeres empleadas tienden a dejar sus puestos, y se contratan menos mujeres nuevas. Sorprendentemente, a pesar de ser los hombres los agresores, las repercusiones recaen principalmente en las mujeres.<\/span><\/p>\r\n<p><br \/><strong><span style=\"color: #000000;\">Liderazgo Femenino como Soluci\u00f3n<\/span><\/strong><br \/><span style=\"color: #000000;\">En contraste, cuando las empresas est\u00e1n dirigidas por mujeres, los agresores tienen menos probabilidades de mantener sus puestos. Esto sugiere que el liderazgo femenino puede ayudar a prevenir que las mujeres abandonen sus empleos despu\u00e9s de sufrir violencia en el trabajo. En consecuencia, las acciones destinadas a cerrar las brechas en el ascenso de las mujeres a puestos directivos pueden contribuir a mitigar el impacto desigual que sufren las v\u00edctimas de violencia laboral.<\/span><\/p>\r\n<p><br \/><strong><span style=\"color: #000000;\">Soluciones y Conclusi\u00f3n<\/span><\/strong><br \/><span style=\"color: #000000;\">En resumen, la violencia en el trabajo tiene un impacto desigual seg\u00fan el g\u00e9nero de la v\u00edctima y el agresor, y el poder econ\u00f3mico juega un papel crucial en estas diferencias. Para abordar este problema, es fundamental promover pol\u00edticas de igualdad de g\u00e9nero en el entorno laboral y empoderar a las mujeres en puestos de liderazgo. Las mujeres v\u00edctimas de violencia en el trabajo a menudo tienen pocos incentivos econ\u00f3micos para denunciar los hechos, lo que resalta la importancia de prevenir el acoso en el trabajo y garantizar que las consecuencias sean equitativas sin importar el g\u00e9nero. En un contexto m\u00e1s amplio, estos hallazgos pueden aplicarse a nivel global, subrayando la necesidad de abordar la violencia en el trabajo desde una perspectiva de g\u00e9nero y fomentar una mayor igualdad en el entorno laboral.<\/span><\/p>\r\n<p><br \/><span style=\"color: #000000;\"><strong><em>La importancia de la sensibilizaci\u00f3n<\/em><\/strong> sobre el tema de la violencia en el trabajo y sus desigualdades de g\u00e9nero radica en su capacidad para:<\/span><\/p>\r\n<p><br \/><span style=\"color: #000000;\">-Crear conciencia y prevenci\u00f3n de la violencia laboral.<\/span><br \/><span style=\"color: #000000;\">-Proporcionar apoyo a las v\u00edctimas y reducir el estigma asociado.<\/span><br \/><span style=\"color: #000000;\">-Fomentar cambios culturales en las organizaciones.<\/span><br \/><span style=\"color: #000000;\">-Empoderar a las v\u00edctimas para buscar justicia y recursos.<\/span><br \/><span style=\"color: #000000;\">-Impulsar la adopci\u00f3n de pol\u00edticas y regulaciones efectivas.<\/span><br \/><span style=\"color: #000000;\">-Promover la igualdad de g\u00e9nero en todos los \u00e1mbitos.<\/span><br \/><span style=\"color: #000000;\">-Mejorar la salud mental y el bienestar en el trabajo.<\/span><\/p>\r\n<p><span style=\"color: #000000;\">La sensibilizaci\u00f3n es esencial para erradicar la violencia en el trabajo y crear entornos laborales seguros y equitativos.<\/span><br \/><br \/><span style=\"color: #800080;\">Puedes acceder a la fuente de informaci\u00f3n a trav\u00e9s del siguiente <a style=\"color: #800080;\" href=\"https:\/\/www.lamarea.com\/2023\/09\/21\/violencia-en-el-trabajo-los-agresores-mantienen-sus-puestos-las-victimas-se-van\/\">enlace.<\/a><\/span><\/p>\r\n","protected":false},"excerpt":{"rendered":"<p>La reciente investigaci\u00f3n publicada en \u00abThe Quarterly Journal of Economics\u00bb arroja luz sobre la violencia en el trabajo y c\u00f3mo afecta de manera desigual a hombres y mujeres. Este estudio, basado en informes policiales de Finlandia recopilados entre 2006 y 2019, resalta la importancia de la sensibilizaci\u00f3n sobre este tema.Desigualdades de G\u00e9nero en la Violencia [&hellip;]<\/p>\n","protected":false},"author":7,"featured_media":2967,"comment_status":"open","ping_status":"open","sticky":false,"template":"","format":"standard","meta":{"_jetpack_memberships_contains_paid_content":false,"footnotes":""},"categories":[1],"tags":[],"class_list":["post-2958","post","type-post","status-publish","format-standard","has-post-thumbnail","hentry","category-sin-categoria"],"jetpack_featured_media_url":"https:\/\/igualdadenlaempresaaragon.es\/wp-content\/uploads\/2023\/11\/Diseno-sin-titulo-1.png","jetpack_sharing_enabled":true,"post_mailing_queue_ids":[],"_links":{"self":[{"href":"https:\/\/igualdadenlaempresaaragon.es\/index.php?rest_route=\/wp\/v2\/posts\/2958","targetHints":{"allow":["GET"]}}],"collection":[{"href":"https:\/\/igualdadenlaempresaaragon.es\/index.php?rest_route=\/wp\/v2\/posts"}],"about":[{"href":"https:\/\/igualdadenlaempresaaragon.es\/index.php?rest_route=\/wp\/v2\/types\/post"}],"author":[{"embeddable":true,"href":"https:\/\/igualdadenlaempresaaragon.es\/index.php?rest_route=\/wp\/v2\/users\/7"}],"replies":[{"embeddable":true,"href":"https:\/\/igualdadenlaempresaaragon.es\/index.php?rest_route=%2Fwp%2Fv2%2Fcomments&post=2958"}],"version-history":[{"count":2,"href":"https:\/\/igualdadenlaempresaaragon.es\/index.php?rest_route=\/wp\/v2\/posts\/2958\/revisions"}],"predecessor-version":[{"id":2968,"href":"https:\/\/igualdadenlaempresaaragon.es\/index.php?rest_route=\/wp\/v2\/posts\/2958\/revisions\/2968"}],"wp:featuredmedia":[{"embeddable":true,"href":"https:\/\/igualdadenlaempresaaragon.es\/index.php?rest_route=\/wp\/v2\/media\/2967"}],"wp:attachment":[{"href":"https:\/\/igualdadenlaempresaaragon.es\/index.php?rest_route=%2Fwp%2Fv2%2Fmedia&parent=2958"}],"wp:term":[{"taxonomy":"category","embeddable":true,"href":"https:\/\/igualdadenlaempresaaragon.es\/index.php?rest_route=%2Fwp%2Fv2%2Fcategories&post=2958"},{"taxonomy":"post_tag","embeddable":true,"href":"https:\/\/igualdadenlaempresaaragon.es\/index.php?rest_route=%2Fwp%2Fv2%2Ftags&post=2958"}],"curies":[{"name":"wp","href":"https:\/\/api.w.org\/{rel}","templated":true}]}}