{"id":2509,"date":"2023-04-03T10:03:23","date_gmt":"2023-04-03T08:03:23","guid":{"rendered":"http:\/\/igualdadenlaempresaaragon.es\/?p=2509"},"modified":"2023-04-03T10:17:38","modified_gmt":"2023-04-03T08:17:38","slug":"registro-de-planes-de-igualdad-y-protocolos-frente-al-acoso-sexual-y-por-razon-de-sexo-en-las-administraciones-publicas-una-obligacion-para-garantizar-la-igualdad-efectiva","status":"publish","type":"post","link":"https:\/\/igualdadenlaempresaaragon.es\/?p=2509","title":{"rendered":"REGISTRO DE PLANES DE IGUALDAD Y PROTOCOLOS FRENTE AL ACOSO SEXUAL Y POR RAZ\u00d3N DE SEXO EN LAS ADMINISTRACIONES P\u00daBLICAS: UNA OBLIGACI\u00d3N PARA GARANTIZAR LA IGUALDAD EFECTIVA"},"content":{"rendered":"\r\n<p>La igualdad de g\u00e9nero es un tema cada vez m\u00e1s importante en nuestra sociedad, y en este sentido, las administraciones p\u00fablicas tienen un papel crucial que desempe\u00f1ar. Por ello, recientemente se ha establecido una nueva obligaci\u00f3n para las administraciones p\u00fablicas en Espa\u00f1a: el registro de planes de igualdad y sus protocolos frente al acoso sexual y por raz\u00f3n de g\u00e9nero.<\/p>\r\n<h2><br \/><strong>\u00bfQU\u00c9 ES EL REGISTRO DE PLANES DE IGUALDAD Y PROTOCOLOS FRENTE AL ACOSO SEXUAL Y POR RAZ\u00d3N DE G\u00c9NERO?<\/strong><br \/>El registro de planes de igualdad y protocolos frente al acoso sexual y por raz\u00f3n de g\u00e9nero es un registro oficial en el que las administraciones p\u00fablicas deben inscribir sus planes de igualdad y protocolos de actuaci\u00f3n frente al acoso sexual y por raz\u00f3n de g\u00e9nero. Este registro es una medida para garantizar que las administraciones p\u00fablicas est\u00e9n comprometidas en la lucha contra el acoso sexual y por raz\u00f3n de g\u00e9nero y que est\u00e9n llevando a cabo medidas para abordar estos problemas.<\/h2>\r\n<p><br \/><strong><span style=\"color: #993366;\">\u00bfQu\u00e9 se incluye en el registro?<\/span><\/strong><br \/>El registro incluye una serie de elementos clave que las administraciones p\u00fablicas deben proporcionar para inscribir sus planes de igualdad y protocolos frente al acoso sexual y por raz\u00f3n de g\u00e9nero. Estos elementos incluyen:<\/p>\r\n<p><strong>Identificaci\u00f3n de la administraci\u00f3n p\u00fablica:<\/strong> se debe identificar la administraci\u00f3n p\u00fablica que est\u00e1 inscribiendo el plan de igualdad y protocolo frente al acoso sexual y por raz\u00f3n de g\u00e9nero.<\/p>\r\n<p><strong>Plan de igualdad:<\/strong> se debe proporcionar una copia del plan de igualdad, que debe incluir medidas para garantizar la igualdad de oportunidades entre mujeres y hombres en el \u00e1mbito laboral.<\/p>\r\n<p><strong>Protocolo frente al acoso sexual y por raz\u00f3n de g\u00e9nero:<\/strong> se debe proporcionar una copia del protocolo de actuaci\u00f3n frente al acoso sexual y por raz\u00f3n de g\u00e9nero, que debe incluir medidas para prevenir y abordar el acoso sexual y por raz\u00f3n de g\u00e9nero en el lugar de trabajo.<\/p>\r\n<p><strong>Evaluaci\u00f3n del plan de igualdad<\/strong>: se debe proporcionar una evaluaci\u00f3n del plan de igualdad, que debe incluir informaci\u00f3n sobre el grado de cumplimiento del plan y las medidas adoptadas para abordar las deficiencias detectadas.<\/p>\r\n<p><strong>Evaluaci\u00f3n del protocolo frente al acoso sexual y por raz\u00f3n de g\u00e9nero:<\/strong> se debe proporcionar una evaluaci\u00f3n del protocolo frente al acoso sexual y por raz\u00f3n de g\u00e9nero, que debe incluir informaci\u00f3n sobre el grado de cumplimiento del protocolo y las medidas adoptadas para abordar las deficiencias detectadas.<\/p>\r\n<blockquote>\r\n<p><br \/><span style=\"color: #993366;\">En conclusi\u00f3n, la creaci\u00f3n de un registro de planes de igualdad de las administraciones p\u00fablicas y sus protocolos frente al acoso sexual y por raz\u00f3n de g\u00e9nero es una medida importante para garantizar la igualdad efectiva entre hombres y mujeres en la sociedad y en el \u00e1mbito laboral. A trav\u00e9s de esta herramienta, se busca mejorar la situaci\u00f3n de las mujeres en el mercado laboral y prevenir y erradicar el acoso sexual y por raz\u00f3n de g\u00e9nero en todas sus formas. La inclusi\u00f3n de la perspectiva de g\u00e9nero en todas las pol\u00edticas p\u00fablicas es esencial para lograr una sociedad m\u00e1s justa e igualitaria, y este registro es un paso en la direcci\u00f3n correcta. La colaboraci\u00f3n de todas las partes implicadas, tanto del sector p\u00fablico como del privado, es necesaria para asegurar su \u00e9xito y avanzar hacia una sociedad m\u00e1s equitativa y respetuosa con los derechos de todas las personas.<\/span><\/p>\r\n<\/blockquote>\r\n<p><br \/><strong><span style=\"color: #800080;\"><a style=\"color: #800080;\" href=\"https:\/\/www.boe.es\/eli\/es\/res\/2023\/03\/16\/(1)\" target=\"_blank\" rel=\"noopener\">Registro de planes de igualdad de las Administraciones P\u00fablicas y sus protocolos frente al acoso sexual y por raz\u00f3n de sexo.<\/a><\/span><\/strong><\/p>\r\n","protected":false},"excerpt":{"rendered":"<p>La igualdad de g\u00e9nero es un tema cada vez m\u00e1s importante en nuestra sociedad, y en este sentido, las administraciones p\u00fablicas tienen un papel crucial que desempe\u00f1ar. Por ello, recientemente se ha establecido una nueva obligaci\u00f3n para las administraciones p\u00fablicas en Espa\u00f1a: el registro de planes de igualdad y sus protocolos frente al acoso sexual [&hellip;]<\/p>\n","protected":false},"author":7,"featured_media":2515,"comment_status":"open","ping_status":"open","sticky":false,"template":"","format":"standard","meta":{"_jetpack_memberships_contains_paid_content":false,"footnotes":""},"categories":[1],"tags":[],"class_list":["post-2509","post","type-post","status-publish","format-standard","has-post-thumbnail","hentry","category-sin-categoria"],"jetpack_featured_media_url":"https:\/\/igualdadenlaempresaaragon.es\/wp-content\/uploads\/2023\/04\/istockphoto-1184808346-612x612-copia.jpg","jetpack_sharing_enabled":true,"post_mailing_queue_ids":[],"_links":{"self":[{"href":"https:\/\/igualdadenlaempresaaragon.es\/index.php?rest_route=\/wp\/v2\/posts\/2509","targetHints":{"allow":["GET"]}}],"collection":[{"href":"https:\/\/igualdadenlaempresaaragon.es\/index.php?rest_route=\/wp\/v2\/posts"}],"about":[{"href":"https:\/\/igualdadenlaempresaaragon.es\/index.php?rest_route=\/wp\/v2\/types\/post"}],"author":[{"embeddable":true,"href":"https:\/\/igualdadenlaempresaaragon.es\/index.php?rest_route=\/wp\/v2\/users\/7"}],"replies":[{"embeddable":true,"href":"https:\/\/igualdadenlaempresaaragon.es\/index.php?rest_route=%2Fwp%2Fv2%2Fcomments&post=2509"}],"version-history":[{"count":5,"href":"https:\/\/igualdadenlaempresaaragon.es\/index.php?rest_route=\/wp\/v2\/posts\/2509\/revisions"}],"predecessor-version":[{"id":2518,"href":"https:\/\/igualdadenlaempresaaragon.es\/index.php?rest_route=\/wp\/v2\/posts\/2509\/revisions\/2518"}],"wp:featuredmedia":[{"embeddable":true,"href":"https:\/\/igualdadenlaempresaaragon.es\/index.php?rest_route=\/wp\/v2\/media\/2515"}],"wp:attachment":[{"href":"https:\/\/igualdadenlaempresaaragon.es\/index.php?rest_route=%2Fwp%2Fv2%2Fmedia&parent=2509"}],"wp:term":[{"taxonomy":"category","embeddable":true,"href":"https:\/\/igualdadenlaempresaaragon.es\/index.php?rest_route=%2Fwp%2Fv2%2Fcategories&post=2509"},{"taxonomy":"post_tag","embeddable":true,"href":"https:\/\/igualdadenlaempresaaragon.es\/index.php?rest_route=%2Fwp%2Fv2%2Ftags&post=2509"}],"curies":[{"name":"wp","href":"https:\/\/api.w.org\/{rel}","templated":true}]}}