{"id":2099,"date":"2022-07-29T10:25:37","date_gmt":"2022-07-29T10:25:37","guid":{"rendered":"http:\/\/igualdadenlaempresaaragon.es\/?p=2099"},"modified":"2022-08-01T06:43:12","modified_gmt":"2022-08-01T06:43:12","slug":"ayudas-para-la-elaboracion-de-planes-de-igualdad-convocatoria-2022","status":"publish","type":"post","link":"https:\/\/igualdadenlaempresaaragon.es\/?p=2099","title":{"rendered":"Ayudas para la elaboraci\u00f3n de planes de igualdad. Convocatoria 2022"},"content":{"rendered":"<p>El pasado 22 de julio se public\u00f3 en el BOA la\u00a0ORDEN EPE\/1103\/2022, de 15 de julio, por la que se convocan <strong>ayudas a la peque\u00f1a y mediana empresa y entidades sin \u00e1nimo de lucro para la elaboraci\u00f3n de planes de igualdad,<\/strong> correspondientes a 2022.<\/p>\n<p>El objeto de esta convocatoria es\u00a0otorgar para el ejercicio 2022, mediante el procedimiento simplificado de concurrencia competitiva, <strong>subvenciones p\u00fablicas destinadas a peque\u00f1as y medianas empresas y entidades sin \u00e1nimo de lucro, cuyo primer plan de igualdad elaborado de acuerdo con lo dispuesto en la Ley Org\u00e1nica 3\/2007,<\/strong> de 22 de marzo, para la igualdad efectiva de mujeres y hombres, haya sido inscrito mediante resoluci\u00f3n de la Autoridad Laboral competente en el registro de convenios y acuerdos colectivos de trabajo.<\/p>\n<p>Las actuaciones subvencionables en esta convocatoria son los <strong>gastos por la elaboraci\u00f3n por primera vez, de un plan de igualdad<\/strong> para el fomento de la igualdad efectiva de mujeres y hombres, que haya sido objeto de inscripci\u00f3n en el registro de convenios y acuerdos colectivos de trabajo por resoluci\u00f3n de la autoridad laboral competente.<\/p>\n<p>El <strong>plazo de presentaci\u00f3n<\/strong> de la solicitud es del 25\/07\/2022 al 05\/08\/2022.<\/p>\n<p>M\u00e1s info en:<\/p>\n<p><a href=\"https:\/\/www.aragon.es\/tramitador\/-\/tramite\/ayudas-pequena-mediana-empresa-elaboracion-implantacion-planes-igualdad\/convocatoria-2022\" target=\"_blank\" rel=\"noopener\">https:\/\/www.aragon.es\/tramitador\/-\/tramite\/ayudas-pequena-mediana-empresa-elaboracion-implantacion-planes-igualdad\/convocatoria-2022<\/a><\/p>\n<p><a href=\"http:\/\/www.boa.aragon.es\/cgi-bin\/EBOA\/BRSCGI?CMD=VERDOC&amp;BASE=BOLE&amp;PIECE=BOLE&amp;DOCS=1-31&amp;DOCR=9&amp;SEC=FIRMA&amp;RNG=200&amp;SEPARADOR=&amp;SECC-C=&amp;PUBL-C=&amp;PUBL=20220722&amp;@PUBL-E=\" target=\"_blank\" rel=\"noopener\">http:\/\/www.boa.aragon.es\/cgi-bin\/EBOA\/BRSCGI?CMD=VERDOC&amp;BASE=BOLE&amp;PIECE=BOLE&amp;DOCS=1-31&amp;DOCR=9&amp;SEC=FIRMA&amp;RNG=200&amp;SEPARADOR=&amp;SECC-C=&amp;PUBL-C=&amp;PUBL=20220722&amp;@PUBL-E=<\/a><\/p>\n","protected":false},"excerpt":{"rendered":"<p>El pasado 22 de julio se public\u00f3 en el BOA la\u00a0ORDEN EPE\/1103\/2022, de 15 de julio, por la que se convocan ayudas a la peque\u00f1a y mediana empresa y entidades sin \u00e1nimo de lucro para la elaboraci\u00f3n de planes de igualdad, correspondientes a 2022. El objeto de esta convocatoria es\u00a0otorgar para el ejercicio 2022, mediante [&hellip;]<\/p>\n","protected":false},"author":9,"featured_media":2104,"comment_status":"open","ping_status":"open","sticky":false,"template":"","format":"standard","meta":{"_jetpack_memberships_contains_paid_content":false,"footnotes":""},"categories":[1],"tags":[57,23,58],"class_list":["post-2099","post","type-post","status-publish","format-standard","has-post-thumbnail","hentry","category-sin-categoria","tag-ayudas","tag-gobierno-de-aragon","tag-planes-de-igualdad"],"jetpack_featured_media_url":"https:\/\/igualdadenlaempresaaragon.es\/wp-content\/uploads\/2022\/07\/gobierno-de-aragon-1.jpg","jetpack_sharing_enabled":true,"post_mailing_queue_ids":[],"_links":{"self":[{"href":"https:\/\/igualdadenlaempresaaragon.es\/index.php?rest_route=\/wp\/v2\/posts\/2099","targetHints":{"allow":["GET"]}}],"collection":[{"href":"https:\/\/igualdadenlaempresaaragon.es\/index.php?rest_route=\/wp\/v2\/posts"}],"about":[{"href":"https:\/\/igualdadenlaempresaaragon.es\/index.php?rest_route=\/wp\/v2\/types\/post"}],"author":[{"embeddable":true,"href":"https:\/\/igualdadenlaempresaaragon.es\/index.php?rest_route=\/wp\/v2\/users\/9"}],"replies":[{"embeddable":true,"href":"https:\/\/igualdadenlaempresaaragon.es\/index.php?rest_route=%2Fwp%2Fv2%2Fcomments&post=2099"}],"version-history":[{"count":5,"href":"https:\/\/igualdadenlaempresaaragon.es\/index.php?rest_route=\/wp\/v2\/posts\/2099\/revisions"}],"predecessor-version":[{"id":2108,"href":"https:\/\/igualdadenlaempresaaragon.es\/index.php?rest_route=\/wp\/v2\/posts\/2099\/revisions\/2108"}],"wp:featuredmedia":[{"embeddable":true,"href":"https:\/\/igualdadenlaempresaaragon.es\/index.php?rest_route=\/wp\/v2\/media\/2104"}],"wp:attachment":[{"href":"https:\/\/igualdadenlaempresaaragon.es\/index.php?rest_route=%2Fwp%2Fv2%2Fmedia&parent=2099"}],"wp:term":[{"taxonomy":"category","embeddable":true,"href":"https:\/\/igualdadenlaempresaaragon.es\/index.php?rest_route=%2Fwp%2Fv2%2Fcategories&post=2099"},{"taxonomy":"post_tag","embeddable":true,"href":"https:\/\/igualdadenlaempresaaragon.es\/index.php?rest_route=%2Fwp%2Fv2%2Ftags&post=2099"}],"curies":[{"name":"wp","href":"https:\/\/api.w.org\/{rel}","templated":true}]}}