{"id":1163,"date":"2022-02-23T10:02:03","date_gmt":"2022-02-23T10:02:03","guid":{"rendered":"http:\/\/igualdadenlaempresaaragon.es\/?p=1163"},"modified":"2022-03-02T09:39:16","modified_gmt":"2022-03-02T09:39:16","slug":"mujeres-en-cifras","status":"publish","type":"post","link":"https:\/\/igualdadenlaempresaaragon.es\/?p=1163","title":{"rendered":"Mujeres en cifras"},"content":{"rendered":"<p style=\"text-align: left;\">\u00abMujeres y Hombres en Espa\u00f1a\u00bb es una publicaci\u00f3n realizada por el Instituto Nacional de Estad\u00edstica (INE) en colaboraci\u00f3n con el IMIO.<\/p>\n<p style=\"text-align: left;\">La finalidad de esta publicaci\u00f3n es ofrecer, desde una perspectiva de g\u00e9nero, una selecci\u00f3n de los indicadores m\u00e1s relevantes en el momento actual que permitan analizar la situaci\u00f3n de hombres y mujeres, en determinadas \u00e1reas sociales y econ\u00f3micas como educaci\u00f3n, empleo, salarios e inclusi\u00f3n social, salud, ciencia y tecnolog\u00eda, etc.<\/p>\n<h5><a href=\"https:\/\/www.ine.es\/ss\/Satellite?L=es_ES&amp;c=INEPublicacion_C&amp;cid=1259924822888&amp;p=1254735110672&amp;pagename=ProductosYServicios%2FPYSLayout&amp;param1=PYSDetalleGratuitas\" target=\"_blank\" rel=\"noopener\">Acceder a la informaci\u00f3n completa.<\/a><\/h5>\n","protected":false},"excerpt":{"rendered":"<p>\u00abMujeres y Hombres en Espa\u00f1a\u00bb es una publicaci\u00f3n realizada por el Instituto Nacional de Estad\u00edstica (INE) en colaboraci\u00f3n con el IMIO. La finalidad de esta publicaci\u00f3n es ofrecer, desde una perspectiva de g\u00e9nero, una selecci\u00f3n de los indicadores m\u00e1s relevantes en el momento actual que permitan analizar la situaci\u00f3n de hombres y mujeres, en determinadas [&hellip;]<\/p>\n","protected":false},"author":8,"featured_media":1201,"comment_status":"open","ping_status":"open","sticky":false,"template":"","format":"standard","meta":{"_jetpack_memberships_contains_paid_content":false,"footnotes":""},"categories":[1],"tags":[9,10,8],"class_list":["post-1163","post","type-post","status-publish","format-standard","has-post-thumbnail","hentry","category-sin-categoria","tag-cifras","tag-ine","tag-mujeres"],"jetpack_featured_media_url":"https:\/\/igualdadenlaempresaaragon.es\/wp-content\/uploads\/2022\/02\/INE_MUJERES-Y-HOMBRES-2021-3.png","jetpack_sharing_enabled":true,"post_mailing_queue_ids":[],"_links":{"self":[{"href":"https:\/\/igualdadenlaempresaaragon.es\/index.php?rest_route=\/wp\/v2\/posts\/1163","targetHints":{"allow":["GET"]}}],"collection":[{"href":"https:\/\/igualdadenlaempresaaragon.es\/index.php?rest_route=\/wp\/v2\/posts"}],"about":[{"href":"https:\/\/igualdadenlaempresaaragon.es\/index.php?rest_route=\/wp\/v2\/types\/post"}],"author":[{"embeddable":true,"href":"https:\/\/igualdadenlaempresaaragon.es\/index.php?rest_route=\/wp\/v2\/users\/8"}],"replies":[{"embeddable":true,"href":"https:\/\/igualdadenlaempresaaragon.es\/index.php?rest_route=%2Fwp%2Fv2%2Fcomments&post=1163"}],"version-history":[{"count":2,"href":"https:\/\/igualdadenlaempresaaragon.es\/index.php?rest_route=\/wp\/v2\/posts\/1163\/revisions"}],"predecessor-version":[{"id":1166,"href":"https:\/\/igualdadenlaempresaaragon.es\/index.php?rest_route=\/wp\/v2\/posts\/1163\/revisions\/1166"}],"wp:featuredmedia":[{"embeddable":true,"href":"https:\/\/igualdadenlaempresaaragon.es\/index.php?rest_route=\/wp\/v2\/media\/1201"}],"wp:attachment":[{"href":"https:\/\/igualdadenlaempresaaragon.es\/index.php?rest_route=%2Fwp%2Fv2%2Fmedia&parent=1163"}],"wp:term":[{"taxonomy":"category","embeddable":true,"href":"https:\/\/igualdadenlaempresaaragon.es\/index.php?rest_route=%2Fwp%2Fv2%2Fcategories&post=1163"},{"taxonomy":"post_tag","embeddable":true,"href":"https:\/\/igualdadenlaempresaaragon.es\/index.php?rest_route=%2Fwp%2Fv2%2Ftags&post=1163"}],"curies":[{"name":"wp","href":"https:\/\/api.w.org\/{rel}","templated":true}]}}